{"id":8416,"date":"2019-10-24T17:50:45","date_gmt":"2019-10-24T15:50:45","guid":{"rendered":"http:\/\/www.turismocaravaca.com\/blog\/?p=8416"},"modified":"2019-10-24T17:56:03","modified_gmt":"2019-10-24T15:56:03","slug":"historia-y-presente-del-festivalico","status":"publish","type":"post","link":"https:\/\/www.turismocaravaca.com\/blog\/historia-y-presente-del-festivalico\/","title":{"rendered":"Historia y presente del Festivalico"},"content":{"rendered":"\n<div class=\"wp-block-image\"><figure class=\"aligncenter\"><img loading=\"lazy\" decoding=\"async\" width=\"987\" height=\"253\" src=\"https:\/\/www.turismocaravaca.com\/blog\/wp-content\/uploads\/2019\/10\/Festivalico-19-1.jpg\" alt=\"\" class=\"wp-image-8430\" srcset=\"https:\/\/www.turismocaravaca.com\/blog\/wp-content\/uploads\/2019\/10\/Festivalico-19-1.jpg 987w, https:\/\/www.turismocaravaca.com\/blog\/wp-content\/uploads\/2019\/10\/Festivalico-19-1-300x77.jpg 300w, https:\/\/www.turismocaravaca.com\/blog\/wp-content\/uploads\/2019\/10\/Festivalico-19-1-768x197.jpg 768w\" sizes=\"(max-width: 987px) 100vw, 987px\" \/><\/figure><\/div>\n\n\n\n<p>A principios del\na\u00f1o 2011 surge la idea de crear un festival relacionado con el cortometraje.\nProfesionales y aficionados echaron una mano y prestaron sus trabajos para que\nfueran proyectados sin \u00e1nimo de lucro.<\/p>\n\n\n\n<p>Gracias al trabajo de un equipo se realiz\u00f3 una programaci\u00f3n acorde a las circunstancias de una primera edici\u00f3n, dando importancia al cortometraje y al videoarte creado en Caravaca y en la Regi\u00f3n de Murcia, adem\u00e1s de otras actividades paralelas.<\/p>\n\n\n\n<p>Esta muestra se\nllam\u00f3 <strong>EL FESTIVALICO<\/strong>, contracci\u00f3n de dos palabras: festival, y\nla terminaci\u00f3n de la asociaci\u00f3n cultural que lo organiza, el JardinICO.<\/p>\n\n\n\n<p>Adem\u00e1s de cortometrajes y piezas de videoarte en estas ediciones han habido actividades paralelas como charlas, mesas redondas, m\u00fasica, etc.<\/p>\n\n\n\n<p>En la Asociaci\u00f3n Cultural de Arte \u201cEl Jardinico\u201d, desde sus or\u00edgenes, el cine se constituy\u00f3 en una actividad de gran relevancia mediante una infinidad de proyecciones y de eventos acontecidos durante a\u00f1os. Se consigui\u00f3 que la Federaci\u00f3n de cine-clubs de la Regi\u00f3n de Murcia concediera una subvenci\u00f3n para proyectar cine independiente en formato de 35 mm. <\/p>\n\n\n\n<div class=\"wp-block-image\"><figure class=\"aligncenter\"><img loading=\"lazy\" decoding=\"async\" width=\"283\" height=\"255\" src=\"https:\/\/www.turismocaravaca.com\/blog\/wp-content\/uploads\/2019\/10\/38851753_219985448678346_4936796484180901888_n.jpg\" alt=\"\" class=\"wp-image-8419\"\/><figcaption>Logo de la Asociaci\u00f3n Cultural de Arte El Jardinico<br><\/figcaption><\/figure><\/div>\n\n\n\n<p>A partir del a\u00f1o 2006\nse realizan diversos cortometrajes gracias a una modesta aportaci\u00f3n econ\u00f3mica\nde una entidad financiera<em>. <\/em>Por medio de cursos especializados e\nimpartidos por miembros de \u00abEl Jardinico\u00bb se consigue un equipo de\ntrabajo encargado de las secciones de direcci\u00f3n, producci\u00f3n y arte. Fruto de\nello se realizan diversos cortometrajes, a saber:<\/p>\n\n\n\n<p>1) \u201c<em>LA ESPERA<\/em>\u201d, de Rob Vincent (2006).\n<\/p>\n\n\n\n<p>2) \u201c<em>PUERTA AL S\u00d3TANO<\/em>\u201d, de Rob Vincent &nbsp;(2007). &nbsp;<\/p>\n\n\n\n<p>3) \u201c<em>TRANSMUTACI\u00d3N<\/em>\u201d, de J. Crist\u00f3bal\nS\u00e1nchez y V\u00edctor Tudela (2008). <\/p>\n\n\n\n<p>4) \u201c<em>EL MEJOR AMIGO<\/em>\u201d, de David L\u00f3pez y\nChema Corbal\u00e1n (2009). <\/p>\n\n\n\n<p>5) \u201c<em>TEOlvidar\u00e9<\/em>\u201d, de V\u00edctor Tudela (2010).\n<\/p>\n\n\n\n<p>6) \u201c<em>EL HOMBRE DEL ESPEJO<\/em>\u201d, de Ra\u00fal\nSanz (2010). <\/p>\n\n\n\n<p>7) \u201c<em>CALAMINA<\/em>\u201d, de Francisco Mart\u00ednez (2011).\n<\/p>\n\n\n\n<p>Tambi\u00e9n cobra un enorme protagonismo la realizaci\u00f3n de videoarte, despu\u00e9s de que Paula Noya e Iv\u00e1n de la Torre impartieran varios cursos de verano, dando a conocer diversas t\u00e9cnicas de realizaci\u00f3n y montaje. <\/p>\n\n\n\n<p>A principios del a\u00f1o\n2011, como dec\u00edamos, surgi\u00f3 la idea de crear un festival relacionado con el\ncortometraje. Debido al periodo de crisis existente no se cre\u00f3 subvenci\u00f3n\nalguna desde la Comunidad Aut\u00f3noma de Murcia para eventos culturales. Tampoco\nel Ayuntamiento de Caravaca se encontraba por la labor de aportar ayuda\necon\u00f3mica. Entonces se opt\u00f3 por la alternativa de la <em>autoproducci\u00f3n<\/em>,\nconsistente en buscar ayuda en empresas privadas (mecenazgo) y en colaboradores\nrelacionados con el mundillo audiovisual. <\/p>\n\n\n\n<p>El evento se dio a\nconocer en marzo mediante un grupo creado en <em>facebook<\/em>. Pronto se\ntuvieron noticias de aficionados que estaban dispuestos a echar una mano y a\nprestar sus trabajos para que fueran proyectados sin \u00e1nimo de lucro. <\/p>\n\n\n\n<p>De este modo, Salvador Serrano, director de la Asociaci\u00f3n de guionistas de la Regi\u00f3n de Murcia, tambi\u00e9n apoy\u00f3 con sus conocimientos y con sus contactos para la causa. Gracias al trabajo de un equipo se realiz\u00f3 finalmente una programaci\u00f3n acorde a las circunstancias de una primera edici\u00f3n. <\/p>\n\n\n\n<p>El Ayuntamiento prest\u00f3 para la primera edici\u00f3n de este festival el teatro Thuillier y el sal\u00f3n de actos de Casa de Cultura \u201cEmilio S\u00e1ez\u201d. La edici\u00f3n del cartel oficial y de la programaci\u00f3n se consigui\u00f3 gracias a las aportaciones de ciudadanos y a la ayuda de empresas colaboradoras como \u201c<em>La Compa\u00f1\u00eda Lounge Club<\/em>\u201d y pub \u201c<em>La Nota<\/em>\u201d. <\/p>\n\n\n\n<p>El equipo de\ncoordinaci\u00f3n lo formaron, a la saz\u00f3n: <\/p>\n\n\n\n<p>Director: Lu\u00eds Mart\u00ednez\nArasa. <\/p>\n\n\n\n<p>Secretario: Francisco\nMart\u00ednez. <\/p>\n\n\n\n<p>Vocales: J. Crist\u00f3bal\nS\u00e1nchez, Ra\u00fal Sanz y V\u00edctor Tudela. &nbsp;<\/p>\n\n\n\n<p>Tambi\u00e9n un buen grupo de colaboradores ayudaron en diversas tareas de organizaci\u00f3n. <\/p>\n\n\n\n<p> He aqu\u00ed c\u00f3mo Lu\u00eds Mart\u00ednez Arasa  <\/p>\n\n\n\n<div class=\"wp-block-image\"><figure class=\"aligncenter\"><img loading=\"lazy\" decoding=\"async\" width=\"270\" height=\"512\" src=\"https:\/\/www.turismocaravaca.com\/blog\/wp-content\/uploads\/2019\/10\/Luis-martinez-Arasa-primer-director-del-Festivalico.jpg\" alt=\"\" class=\"wp-image-8420\" srcset=\"https:\/\/www.turismocaravaca.com\/blog\/wp-content\/uploads\/2019\/10\/Luis-martinez-Arasa-primer-director-del-Festivalico.jpg 270w, https:\/\/www.turismocaravaca.com\/blog\/wp-content\/uploads\/2019\/10\/Luis-martinez-Arasa-primer-director-del-Festivalico-158x300.jpg 158w\" sizes=\"(max-width: 270px) 100vw, 270px\" \/><figcaption>Luis Mart\u00ednez Arasa, fue el primer director del festival.<\/figcaption><\/figure><\/div>\n\n\n\n<p>cuenta\nel nacimiento de este festival en un especial de El Noroeste: <em>\u201cFue V\u00edctor Tudela, quien, pensando en alto,\nnos trasmiti\u00f3 la idea de hacer un festival de cortos alrededor de varios\nestrenos de pel\u00edculas hechas por personas de Caravaca. A algunos nos sedujo la\nidea y comenzamos a organizar la primera edici\u00f3n de \u00abEl Festivalico: muestra de\ncortometrajes de cine y videoarte\u00bb.<\/em><\/p>\n\n\n\n<p><em>&nbsp;Ra\u00fal Sanz, Francisco Mart\u00ednez, Jos\u00e9 Crist\u00f3bal S\u00e1nchez, V\u00edctor y un servidor comenzamos a reunirnos para darle forma y buscar colaboraciones. Se nos dio permiso para proyectar en el teatro p\u00fablico Thuillier, aunque no se crey\u00f3 oportuno destinar ni un euro del dinero p\u00fablico para el primer festival de cortos que se hac\u00eda en nuestra localidad. Una vez m\u00e1s, fue la Asociaci\u00f3n de Arte El Jardinico, la que tom\u00f3 las riendas de esta iniciativa popular, dando cobijo a la organizaci\u00f3n del festival. Varios bares y Tudela Producciones aportaron para pagar los carteles y programas de mano. \u00abTeatro del Jardinico\u00bb. Taller de Arte Dram\u00e1tico que dirijo, tambi\u00e9n colaborar\u00eda con la puesta en escena de una pieza creada para la ocasi\u00f3n, a realizar en la calle: \u00abBrev\u00edsima historia del cine\u00bb. <\/em><\/p>\n\n\n\n<p><em>Tambi\u00e9n\nse cre\u00f3 una p\u00e1gina en una red social para agregar a los simpatizantes y\ntenerlos informados (\u2026) <\/em><\/p>\n\n\n\n<p><em>Fuimos preparando una programaci\u00f3n alrededor de los estrenos de los cortos dirigidos por Ra\u00fal y V\u00edctor \u00bfQu\u00e9 pod\u00edamos proyectar? Concluimos que, para empezar, deb\u00eda ser una muestra, lejos del concurso econ\u00f3mico, y tratar de hacer una edici\u00f3n local y comarcal. Poco a poco, al cabo de varias&nbsp; semanas y con la inestimable colaboraci\u00f3n de Salva Serrano, actor y director de la asociaci\u00f3n de guionistas de Murcia, as\u00ed como de todos los directores y creadores de estas piezas, ya que nadie cobr\u00f3 por proyectar su trabajo, confeccionamos una programaci\u00f3n con dos secciones: una secci\u00f3n local, cortos en los participaba gente de Caravaca, aunque fuesen grabados fuera de nuestro pueblo, y una secci\u00f3n regional, con cortos dirigidos por murcianos en los \u00faltimos a\u00f1os, tratando de que tuviesen cierta calidad. Y otro espacio para las semillas de este proyecto: estrenos. En esta ocasi\u00f3n, \u00abTEOlvidar\u00e9\u00bb y \u00abEl hombre del espejo\u00bb, dirigidos por V\u00edctor y Ra\u00fal, respectivamente. <\/em><\/p>\n\n\n\n<p><em>Se pens\u00f3 en a\u00f1adir una tercera y peculiar secci\u00f3n: videoarte, coordinada desde el principio por Francisco, infatigable trabajador cultural, que desde hace a\u00f1os no para de iniciar y colaborar en actividades art\u00edsticas. <\/em><\/p>\n\n\n\n<div class=\"wp-block-image\"><figure class=\"aligncenter\"><img loading=\"lazy\" decoding=\"async\" width=\"219\" height=\"333\" src=\"https:\/\/www.turismocaravaca.com\/blog\/wp-content\/uploads\/2019\/10\/Francisco-Mar\u00ednez-alma-mater-de-El-Jardinico.jpg\" alt=\"\" class=\"wp-image-8421\" srcset=\"https:\/\/www.turismocaravaca.com\/blog\/wp-content\/uploads\/2019\/10\/Francisco-Mar\u00ednez-alma-mater-de-El-Jardinico.jpg 219w, https:\/\/www.turismocaravaca.com\/blog\/wp-content\/uploads\/2019\/10\/Francisco-Mar\u00ednez-alma-mater-de-El-Jardinico-197x300.jpg 197w\" sizes=\"(max-width: 219px) 100vw, 219px\" \/><figcaption>Francisco, alma mater de El Jardinico.<\/figcaption><\/figure><\/div>\n\n\n\n<p><em>Se\nproyectar\u00edan piezas de videoarte trabajadas en los cursos de esta disciplina\nque se imparten cada verano en \u00abEl Jardinico\u00bb. Contar\u00edamos con la participaci\u00f3n\nde la profesora y videoartista Paula Noya. Tambi\u00e9n se pens\u00f3 en la posibilidad\nde a\u00f1adir varios encuentros-charlas que sirvieran de foro y aprendizaje te\u00f3rico\nde algo que nos interesase. Aparecieron as\u00ed, las charlas \u00abAn\u00e1lisis del gui\u00f3n de\nun corto\u00bb y \u00abCine de animaci\u00f3n\u00bb, impartidas por Salva Serrano y la caravaque\u00f1a\nMari Carmen Morenilla respectivamente, en la Casa de la Cultura, ambas con\nmaterial audio-visual.<\/em><\/p>\n\n\n\n<p><em>&nbsp;Para acabar, y en pago a sus colaboraciones,\nse habl\u00f3 con los propietarios de los bares para organizar varias fiestas en sus\nlocales. En una de ellas, habr\u00eda una performance entorno a un corto, \u00abLa\npersistencia de la memoria\u00bb, de Jos\u00e9&nbsp;\nLuis Luiggi, a cargo de \u00abTeatro del Jardinico\u00bb,y en otras, sesiones\nmusicales.\u201d <\/em><\/p>\n\n\n\n<p>De la manera que hemos visto nos narra Mart\u00ednez Arasa, que fue su primer director, c\u00f3mo fue la g\u00e9nesis de este evento cultural felizmente consolidado que, en esta ocasi\u00f3n, cumple ya su novena edici\u00f3n. <\/p>\n\n\n\n<p>Por \u00faltimo os dejamos aqu\u00ed el hist\u00f3rico de sus carteles desde la primera edici\u00f3n en 2011 hasta la actualidad as\u00ed como la programaci\u00f3n de este a\u00f1o. <\/p>\n\n\n\n<ul class=\"wp-block-gallery columns-3 is-cropped wp-block-gallery-1 is-layout-flex wp-block-gallery-is-layout-flex\"><li class=\"blocks-gallery-item\"><figure><img loading=\"lazy\" decoding=\"async\" width=\"426\" height=\"614\" src=\"https:\/\/www.turismocaravaca.com\/blog\/wp-content\/uploads\/2019\/10\/Festivalico-2011.jpg\" alt=\"\" data-id=\"8422\" data-link=\"https:\/\/www.turismocaravaca.com\/blog\/?attachment_id=8422\" class=\"wp-image-8422\" srcset=\"https:\/\/www.turismocaravaca.com\/blog\/wp-content\/uploads\/2019\/10\/Festivalico-2011.jpg 426w, https:\/\/www.turismocaravaca.com\/blog\/wp-content\/uploads\/2019\/10\/Festivalico-2011-208x300.jpg 208w\" sizes=\"(max-width: 426px) 100vw, 426px\" \/><\/figure><\/li><li class=\"blocks-gallery-item\"><figure><img loading=\"lazy\" decoding=\"async\" width=\"429\" height=\"613\" src=\"https:\/\/www.turismocaravaca.com\/blog\/wp-content\/uploads\/2019\/10\/Festivalico-2012.jpg\" alt=\"\" data-id=\"8423\" data-link=\"https:\/\/www.turismocaravaca.com\/blog\/?attachment_id=8423\" class=\"wp-image-8423\" srcset=\"https:\/\/www.turismocaravaca.com\/blog\/wp-content\/uploads\/2019\/10\/Festivalico-2012.jpg 429w, https:\/\/www.turismocaravaca.com\/blog\/wp-content\/uploads\/2019\/10\/Festivalico-2012-210x300.jpg 210w\" sizes=\"(max-width: 429px) 100vw, 429px\" \/><\/figure><\/li><li class=\"blocks-gallery-item\"><figure><img loading=\"lazy\" decoding=\"async\" width=\"417\" height=\"559\" src=\"https:\/\/www.turismocaravaca.com\/blog\/wp-content\/uploads\/2019\/10\/Festivalico-2013.jpg\" alt=\"\" data-id=\"8424\" data-link=\"https:\/\/www.turismocaravaca.com\/blog\/?attachment_id=8424\" class=\"wp-image-8424\" srcset=\"https:\/\/www.turismocaravaca.com\/blog\/wp-content\/uploads\/2019\/10\/Festivalico-2013.jpg 417w, https:\/\/www.turismocaravaca.com\/blog\/wp-content\/uploads\/2019\/10\/Festivalico-2013-224x300.jpg 224w\" sizes=\"(max-width: 417px) 100vw, 417px\" \/><\/figure><\/li><li class=\"blocks-gallery-item\"><figure><img loading=\"lazy\" decoding=\"async\" width=\"420\" height=\"556\" src=\"https:\/\/www.turismocaravaca.com\/blog\/wp-content\/uploads\/2019\/10\/Festivalico-2014.jpg\" alt=\"\" data-id=\"8425\" data-link=\"https:\/\/www.turismocaravaca.com\/blog\/?attachment_id=8425\" class=\"wp-image-8425\" srcset=\"https:\/\/www.turismocaravaca.com\/blog\/wp-content\/uploads\/2019\/10\/Festivalico-2014.jpg 420w, https:\/\/www.turismocaravaca.com\/blog\/wp-content\/uploads\/2019\/10\/Festivalico-2014-227x300.jpg 227w\" sizes=\"(max-width: 420px) 100vw, 420px\" \/><\/figure><\/li><li class=\"blocks-gallery-item\"><figure><img loading=\"lazy\" decoding=\"async\" width=\"455\" height=\"640\" src=\"https:\/\/www.turismocaravaca.com\/blog\/wp-content\/uploads\/2019\/10\/Festivalico-2016.jpg\" alt=\"\" data-id=\"8426\" data-link=\"https:\/\/www.turismocaravaca.com\/blog\/?attachment_id=8426\" class=\"wp-image-8426\" srcset=\"https:\/\/www.turismocaravaca.com\/blog\/wp-content\/uploads\/2019\/10\/Festivalico-2016.jpg 455w, https:\/\/www.turismocaravaca.com\/blog\/wp-content\/uploads\/2019\/10\/Festivalico-2016-213x300.jpg 213w\" sizes=\"(max-width: 455px) 100vw, 455px\" \/><\/figure><\/li><li class=\"blocks-gallery-item\"><figure><img loading=\"lazy\" decoding=\"async\" width=\"457\" height=\"640\" src=\"https:\/\/www.turismocaravaca.com\/blog\/wp-content\/uploads\/2019\/10\/Festivalico-2017.jpg\" alt=\"\" data-id=\"8427\" data-link=\"https:\/\/www.turismocaravaca.com\/blog\/?attachment_id=8427\" class=\"wp-image-8427\" srcset=\"https:\/\/www.turismocaravaca.com\/blog\/wp-content\/uploads\/2019\/10\/Festivalico-2017.jpg 457w, https:\/\/www.turismocaravaca.com\/blog\/wp-content\/uploads\/2019\/10\/Festivalico-2017-214x300.jpg 214w\" sizes=\"(max-width: 457px) 100vw, 457px\" \/><\/figure><\/li><li class=\"blocks-gallery-item\"><figure><img loading=\"lazy\" decoding=\"async\" width=\"450\" height=\"625\" src=\"https:\/\/www.turismocaravaca.com\/blog\/wp-content\/uploads\/2019\/10\/Festivalico-2018.jpg\" alt=\"\" data-id=\"8428\" data-link=\"https:\/\/www.turismocaravaca.com\/blog\/?attachment_id=8428\" class=\"wp-image-8428\" srcset=\"https:\/\/www.turismocaravaca.com\/blog\/wp-content\/uploads\/2019\/10\/Festivalico-2018.jpg 450w, https:\/\/www.turismocaravaca.com\/blog\/wp-content\/uploads\/2019\/10\/Festivalico-2018-216x300.jpg 216w\" sizes=\"(max-width: 450px) 100vw, 450px\" \/><\/figure><\/li><li class=\"blocks-gallery-item\"><figure><img loading=\"lazy\" decoding=\"async\" width=\"727\" height=\"1024\" src=\"https:\/\/www.turismocaravaca.com\/blog\/wp-content\/uploads\/2019\/10\/Festivalico-2019-727x1024.jpg\" alt=\"\" data-id=\"8429\" data-link=\"https:\/\/www.turismocaravaca.com\/blog\/?attachment_id=8429\" class=\"wp-image-8429\" srcset=\"https:\/\/www.turismocaravaca.com\/blog\/wp-content\/uploads\/2019\/10\/Festivalico-2019-727x1024.jpg 727w, https:\/\/www.turismocaravaca.com\/blog\/wp-content\/uploads\/2019\/10\/Festivalico-2019-213x300.jpg 213w, https:\/\/www.turismocaravaca.com\/blog\/wp-content\/uploads\/2019\/10\/Festivalico-2019-768x1082.jpg 768w, https:\/\/www.turismocaravaca.com\/blog\/wp-content\/uploads\/2019\/10\/Festivalico-2019.jpg 1430w\" sizes=\"(max-width: 727px) 100vw, 727px\" \/><\/figure><\/li><\/ul>\n\n\n\n<p>Para ver el programa en PDF pod\u00e9is pinchar en este enlace (en su parte inferior)<\/p>\n\n\n\n<p><a href=\"http:\/\/www.turismocaravaca.com\/es\/agenda\/eventodetalle\/3922087\/el-festivalico-2019\">http:\/\/www.turismocaravaca.com\/es\/agenda\/eventodetalle\/3922087\/el-festivalico-2019<\/a><\/p>\n\n\n\n<p>Fuentes:<\/p>\n\n\n\n<p><a href=\"http:\/\/www.elfestivalico.servitec.org\/festivalico2011.php\">http:\/\/www.elfestivalico.servitec.org\/festivalico2011.php<\/a><\/p>\n\n\n\n<p><a href=\"http:\/\/www.regmurcia.com\">http:\/\/www.regmurcia.com<\/a><\/p>\n\n\n\n<p><a href=\"http:\/\/www.marcnadal.com\">http:\/\/www.marcnadal.com<\/a><\/p>\n\n\n\n<p><a href=\"https:\/\/soydecaravaca.laverdad.es\">https:\/\/soydecaravaca.laverdad.es<\/a><\/p>\n\n\n\n<p><a href=\"https:\/\/www.murcia.com\">https:\/\/www.murcia.com<\/a><\/p>\n\n\n\n<p><a href=\"https:\/\/www.laopiniondemurcia.es\">https:\/\/www.laopiniondemurcia.es<\/a><\/p>\n\n\n\n<p><a href=\"https:\/\/elnoroestedigital.com\">https:\/\/elnoroestedigital.com<\/a><\/p>\n\n\n\n<p><a href=\"https:\/\/cadenaser.com\">https:\/\/cadenaser.com<\/a><\/p>\n\n\n\n<p><a href=\"https:\/\/laguiaw.com\">https:\/\/laguiaw.com<\/a><\/p>\n\n\n\n<p><a href=\"https:\/\/www.facebook.com\/jardinico.asociacion\/\">https:\/\/www.facebook.com\/jardinico.asociacion\/<\/a><\/p>\n\n\n\n<p><\/p>\n\n\n\n<p><\/p>\n\n\n\n<p><\/p>\n\n\n\n<p><\/p>\n","protected":false},"excerpt":{"rendered":"<p>Muestra de cortometrajes y videoarte<\/p>\n","protected":false},"author":2,"featured_media":8417,"comment_status":"open","ping_status":"open","sticky":false,"template":"","format":"standard","meta":{"footnotes":""},"categories":[2114,2126,14,2601,1],"tags":[],"class_list":["post-8416","post","type-post","status-publish","format-standard","has-post-thumbnail","hentry","category-cine","category-espanol","category-eventos","category-festivales","category-sin-categoria"],"_links":{"self":[{"href":"https:\/\/www.turismocaravaca.com\/blog\/wp-json\/wp\/v2\/posts\/8416"}],"collection":[{"href":"https:\/\/www.turismocaravaca.com\/blog\/wp-json\/wp\/v2\/posts"}],"about":[{"href":"https:\/\/www.turismocaravaca.com\/blog\/wp-json\/wp\/v2\/types\/post"}],"author":[{"embeddable":true,"href":"https:\/\/www.turismocaravaca.com\/blog\/wp-json\/wp\/v2\/users\/2"}],"replies":[{"embeddable":true,"href":"https:\/\/www.turismocaravaca.com\/blog\/wp-json\/wp\/v2\/comments?post=8416"}],"version-history":[{"count":4,"href":"https:\/\/www.turismocaravaca.com\/blog\/wp-json\/wp\/v2\/posts\/8416\/revisions"}],"predecessor-version":[{"id":8434,"href":"https:\/\/www.turismocaravaca.com\/blog\/wp-json\/wp\/v2\/posts\/8416\/revisions\/8434"}],"wp:featuredmedia":[{"embeddable":true,"href":"https:\/\/www.turismocaravaca.com\/blog\/wp-json\/wp\/v2\/media\/8417"}],"wp:attachment":[{"href":"https:\/\/www.turismocaravaca.com\/blog\/wp-json\/wp\/v2\/media?parent=8416"}],"wp:term":[{"taxonomy":"category","embeddable":true,"href":"https:\/\/www.turismocaravaca.com\/blog\/wp-json\/wp\/v2\/categories?post=8416"},{"taxonomy":"post_tag","embeddable":true,"href":"https:\/\/www.turismocaravaca.com\/blog\/wp-json\/wp\/v2\/tags?post=8416"}],"curies":[{"name":"wp","href":"https:\/\/api.w.org\/{rel}","templated":true}]}}