{"id":8435,"date":"2019-10-29T12:18:19","date_gmt":"2019-10-29T11:18:19","guid":{"rendered":"http:\/\/www.turismocaravaca.com\/blog\/?p=8435"},"modified":"2019-10-29T12:18:19","modified_gmt":"2019-10-29T11:18:19","slug":"misticos-arquitectura-y-razones-de-un-proyecto","status":"publish","type":"post","link":"https:\/\/www.turismocaravaca.com\/blog\/misticos-arquitectura-y-razones-de-un-proyecto\/","title":{"rendered":"&#8216;M\u00edsticos: arquitectura y razones de un proyecto&#8217;"},"content":{"rendered":"\n<figure class=\"wp-block-image\"><img loading=\"lazy\" decoding=\"async\" width=\"724\" height=\"1024\" src=\"https:\/\/www.turismocaravaca.com\/blog\/wp-content\/uploads\/2019\/10\/cartel-santa-teresa2-NACHO-RUIZ.-Mi\u00e9rcoles-30-de-Octubre.-724x1024.jpg\" alt=\"\" class=\"wp-image-8436\" srcset=\"https:\/\/www.turismocaravaca.com\/blog\/wp-content\/uploads\/2019\/10\/cartel-santa-teresa2-NACHO-RUIZ.-Mi\u00e9rcoles-30-de-Octubre.-724x1024.jpg 724w, https:\/\/www.turismocaravaca.com\/blog\/wp-content\/uploads\/2019\/10\/cartel-santa-teresa2-NACHO-RUIZ.-Mi\u00e9rcoles-30-de-Octubre.-212x300.jpg 212w, https:\/\/www.turismocaravaca.com\/blog\/wp-content\/uploads\/2019\/10\/cartel-santa-teresa2-NACHO-RUIZ.-Mi\u00e9rcoles-30-de-Octubre.-768x1086.jpg 768w\" sizes=\"(max-width: 724px) 100vw, 724px\" \/><\/figure>\n\n\n\n<p><strong>El comisario art\u00edstico y galerista Nacho Ruiz hablar\u00e1 sobre  &#8216;M\u00edsticos: arquitectura y razones de un proyecto&#8217;, la exposici\u00f3n que se  celebr\u00f3 en Caravaca entre septiembre de 2018 y enero de 2019<\/strong> <\/p>\n\n\n\n<figure class=\"wp-block-image\"><img loading=\"lazy\" decoding=\"async\" width=\"406\" height=\"600\" src=\"https:\/\/www.turismocaravaca.com\/blog\/wp-content\/uploads\/2019\/10\/sin_ti__tulo_2.jpg\" alt=\"\" class=\"wp-image-8437\" srcset=\"https:\/\/www.turismocaravaca.com\/blog\/wp-content\/uploads\/2019\/10\/sin_ti__tulo_2.jpg 406w, https:\/\/www.turismocaravaca.com\/blog\/wp-content\/uploads\/2019\/10\/sin_ti__tulo_2-203x300.jpg 203w\" sizes=\"(max-width: 406px) 100vw, 406px\" \/><figcaption>Nacho Ruiz, comisario de &#8216;M\u00edsticos&#8217;<\/figcaption><\/figure>\n\n\n\n<p>El IV Ciclo Teresiano ser\u00e1 clausurado el mi\u00e9rcoles 30 de octubre por el comisario  de la exposici\u00f3n &#8216;M\u00edsticos&#8217; y doctor en Historia del Arte <strong>Nacho Ruiz<\/strong>,  quien acercar\u00e1 a los asistentes la g\u00e9nesis, la materializaci\u00f3n y los  ecos posteriores de la exposici\u00f3n que, dedicada al mundo de la m\u00edstica  con especial \u00e9nfasis en la relaci\u00f3n de Caravaca con San Juan de la Cruz y  Santa Teresa de Jes\u00fas, se celebr\u00f3 en la antigua iglesia de la Compa\u00f1\u00eda  de Jes\u00fas entre los meses de septiembre de 2018 y enero de 2019. Casi  40.000 personas visitaron esta exposici\u00f3n.<\/p>\n\n\n\n<p><\/p>\n\n\n\n<p><\/p>\n\n\n\n<p> <\/p>\n","protected":false},"excerpt":{"rendered":"<p>El comisario art\u00edstico y galerista Nacho Ruiz hablar\u00e1 sobre &#8216;M\u00edsticos: arquitectura y razones de un proyecto&#8217;, la exposici\u00f3n que se celebr\u00f3 en Caravaca entre septiembre de 2018 y enero de 2019 El IV Ciclo Teresiano ser\u00e1 clausurado el mi\u00e9rcoles 30 de octubre por el comisario de la exposici\u00f3n &#8216;M\u00edsticos&#8217; y doctor en Historia del Arte [&hellip;]<\/p>\n","protected":false},"author":2,"featured_media":0,"comment_status":"open","ping_status":"open","sticky":false,"template":"","format":"standard","meta":{"footnotes":""},"categories":[3,4,13,2126,14,16,1],"tags":[2603,2602],"class_list":["post-8435","post","type-post","status-publish","format-standard","hentry","category-actividades","category-arte","category-escultura-2","category-espanol","category-eventos","category-exposiones","category-sin-categoria","tag-misticos","tag-nacho-ruiz"],"_links":{"self":[{"href":"https:\/\/www.turismocaravaca.com\/blog\/wp-json\/wp\/v2\/posts\/8435"}],"collection":[{"href":"https:\/\/www.turismocaravaca.com\/blog\/wp-json\/wp\/v2\/posts"}],"about":[{"href":"https:\/\/www.turismocaravaca.com\/blog\/wp-json\/wp\/v2\/types\/post"}],"author":[{"embeddable":true,"href":"https:\/\/www.turismocaravaca.com\/blog\/wp-json\/wp\/v2\/users\/2"}],"replies":[{"embeddable":true,"href":"https:\/\/www.turismocaravaca.com\/blog\/wp-json\/wp\/v2\/comments?post=8435"}],"version-history":[{"count":1,"href":"https:\/\/www.turismocaravaca.com\/blog\/wp-json\/wp\/v2\/posts\/8435\/revisions"}],"predecessor-version":[{"id":8438,"href":"https:\/\/www.turismocaravaca.com\/blog\/wp-json\/wp\/v2\/posts\/8435\/revisions\/8438"}],"wp:attachment":[{"href":"https:\/\/www.turismocaravaca.com\/blog\/wp-json\/wp\/v2\/media?parent=8435"}],"wp:term":[{"taxonomy":"category","embeddable":true,"href":"https:\/\/www.turismocaravaca.com\/blog\/wp-json\/wp\/v2\/categories?post=8435"},{"taxonomy":"post_tag","embeddable":true,"href":"https:\/\/www.turismocaravaca.com\/blog\/wp-json\/wp\/v2\/tags?post=8435"}],"curies":[{"name":"wp","href":"https:\/\/api.w.org\/{rel}","templated":true}]}}