{"id":8448,"date":"2019-11-05T11:37:48","date_gmt":"2019-11-05T10:37:48","guid":{"rendered":"http:\/\/www.turismocaravaca.com\/blog\/?p=8448"},"modified":"2019-11-05T11:40:54","modified_gmt":"2019-11-05T10:40:54","slug":"de-tapas-en-caravaca-vi-edicion","status":"publish","type":"post","link":"https:\/\/www.turismocaravaca.com\/blog\/de-tapas-en-caravaca-vi-edicion\/","title":{"rendered":"De tapas en Caravaca. VI edici\u00f3n."},"content":{"rendered":"\n<figure class=\"wp-block-image\"><img loading=\"lazy\" decoding=\"async\" width=\"727\" height=\"1024\" src=\"https:\/\/www.turismocaravaca.com\/blog\/wp-content\/uploads\/2019\/11\/CartelA2_DeTapas19-727x1024.jpg\" alt=\"\" class=\"wp-image-8449\" srcset=\"https:\/\/www.turismocaravaca.com\/blog\/wp-content\/uploads\/2019\/11\/CartelA2_DeTapas19-727x1024.jpg 727w, https:\/\/www.turismocaravaca.com\/blog\/wp-content\/uploads\/2019\/11\/CartelA2_DeTapas19-213x300.jpg 213w, https:\/\/www.turismocaravaca.com\/blog\/wp-content\/uploads\/2019\/11\/CartelA2_DeTapas19-768x1082.jpg 768w, https:\/\/www.turismocaravaca.com\/blog\/wp-content\/uploads\/2019\/11\/CartelA2_DeTapas19.jpg 1136w\" sizes=\"(max-width: 727px) 100vw, 727px\" \/><\/figure>\n\n\n\n<h3 class=\"wp-block-heading\"> Una veintena de bares, restaurantes, cafeter\u00edas y pubs forman parte de esta ruta gastron\u00f3mica <\/h3>\n\n\n\n<p><strong>La Asociaci\u00f3n de Comerciantes y Hosteleros, en colaboraci\u00f3n con el \nAyuntamiento de Caravaca y Estrella de Levante, promueven este evento \nque promociona la gastronom\u00eda y los productos de la tierra<\/strong><\/p>\n\n\n\n<p>Durante tres fines de semana (del 8 al 24 de noviembre, los viernes, \ns\u00e1bados y domingos) &#8216;De tapas en Caravaca 2019&#8217; convertir\u00e1 la ciudad en \nuna ruta gastron\u00f3mica, con propuestas innovadoras que ir\u00e1n de la mano de\n los mejores productos de la tierra.<\/p>\n\n\n\n<p>El Museo de la Fiesta acogi\u00f3 la presentaci\u00f3n de la VI edici\u00f3n &#8216;De \ntapas en Caravaca&#8217;, donde el alcalde, Jos\u00e9 Francisco Garc\u00eda, felicit\u00f3 a \nlos hosteleros \u00abpor su apuesta por la calidad y cuidado en cada detalle \nde la presentaci\u00f3n, ya que la gastronom\u00eda es un elemento clave para \nfidelizar el turismo en Caravaca\u00bb. Y en este sentido, a\u00f1adi\u00f3, \u00abeventos \ncomo este son el mejor camino para impulsarun sector unido, consolidado y\n profesional\u00bb.<\/p>\n\n\n\n<p>Jos\u00e9 Francisco Garc\u00eda anim\u00f3 a todos \u00aba pasear por Caravaca, a  callejear por su entramado urbano, disfrutando de la buena compa\u00f1\u00eda y la  buena gastronom\u00eda\u00bb.<\/p>\n\n\n\n<figure class=\"wp-block-image\"><img loading=\"lazy\" decoding=\"async\" width=\"1024\" height=\"683\" src=\"https:\/\/www.turismocaravaca.com\/blog\/wp-content\/uploads\/2019\/11\/presentaciondetapasencaravaca01-1024x683.jpg\" alt=\"\" class=\"wp-image-8450\" srcset=\"https:\/\/www.turismocaravaca.com\/blog\/wp-content\/uploads\/2019\/11\/presentaciondetapasencaravaca01-1024x683.jpg 1024w, https:\/\/www.turismocaravaca.com\/blog\/wp-content\/uploads\/2019\/11\/presentaciondetapasencaravaca01-300x200.jpg 300w, https:\/\/www.turismocaravaca.com\/blog\/wp-content\/uploads\/2019\/11\/presentaciondetapasencaravaca01-768x512.jpg 768w\" sizes=\"(max-width: 1024px) 100vw, 1024px\" \/><\/figure>\n\n\n\n<p>Por su parte, la responsable del \u00e1rea de Comercio, Ana Bel\u00e9n \nMart\u00ednez, subray\u00f3 que \u00abson los hosteleros la esencia de esta ruta de la \ntapa, una ruta que se consolida y mejora a\u00f1o a a\u00f1o; y tiene como fin \nprincipal poner en valor la gastronom\u00eda y nuestros productos que son de \nla mejor calidad\u00bb.<\/p>\n\n\n\n<p>\u00abDesde la asociaci\u00f3n apostamos por la marca Caravaca a trav\u00e9s de la \nhosteler\u00eda y el comercio. Esperamos que tanto caravaque\u00f1os como \nvisitantes apoyen esta iniciativa que con tanta ilusi\u00f3n hemos \npreparado\u00bb, se\u00f1al\u00f3 la presidenta de la ACHC, Mar\u00eda \u00c1ngeles Mu\u00f1oz.<\/p>\n\n\n\n<p>&#8216;De tapas en Caravaca 2019&#8217; est\u00e1 organizado por la Asociaci\u00f3n de \nComerciantes y Hosteleros de Caravaca (ACHC), en colaboraci\u00f3n con la \nConcejal\u00eda de Comercio del Ayuntamiento de Caravaca de la Cruz y \nEstrella de Levante. Tambi\u00e9n prestan su apoyo al evento Agua de \nCantalar, Grupo Reina, Coca Cola, HJM Carrasco y Las Re\u00f1as.<\/p>\n\n\n\n<p><strong>Participantes<\/strong><\/p>\n\n\n\n<p>En `De Tapas en Caravaca 2019&#8242; participan un total de 19 locales de \nhosteler\u00eda: 11 de tapas (La Compa\u00f1\u00eda Gastrobar, CJtres.cero \n(Hamburgueser\u00eda), Bar Progreso, La bodega, El Horno\/ Dhbraseria , \nBendita Locura, La Despensa del Peregrino, Bodeg\u00f3n Isi, D&#8217; Gusta, Kento,\n El Arco) , 4 de postres (El Plaza, Segway Chuchuer\u00edas, TodoPan y El \nhorno) y 4 de c\u00f3cteles (Class, Blanco y Negro, La Nota y C\u00edrculo \nArt\u00edstico 1911)<\/p>\n\n\n\n<p>El horario ser\u00e1 de 13.00 a 16.00 y de 20.00 a 24.00 horas.<\/p>\n\n\n\n<p><strong>Premios<\/strong><\/p>\n\n\n\n<p>Las personas que realicen la ruta gastron\u00f3mica &#8216;De Tapas en Caravaca \n2019&#8217; podr\u00e1n optar a numerosos premios, votando la mejor, tapa, postre y\n c\u00f3ctel, siempre y cuando la cartilla est\u00e9 sellada en los \nestablecimientos adheridos.<\/p>\n\n\n\n<p>El primer premio consistir\u00e1 en 700 euros cortes\u00eda de la ACHC e Hijos \nde JM Carrasco para consumir en los locales participantes en el evento o\n en comercios asociados. Los segundos ser\u00e1n, por cortes\u00eda de Estrella de\n Levante, una comida o cena para dos personas en el restaurante &#8216;La \nCaba\u00f1a&#8217; (2 Estrellas Michel\u00edn) y una noche rom\u00e1ntica en Hotel Thalasia.<\/p>\n\n\n\n<p>Por \u00faltimo, tambi\u00e9n habr\u00e1 terceros premios, como &#8216;tu altura en  cerveza&#8217; o una escapada sorpresa, para aquellas personas que durante el  evento utilicen la etiqueta #DeTapasEnCaravaca2019 en la red social  Instagram, siguiendo el perfil de @Comerciantescaravaca (consultar bases  de los concursos).<\/p>\n\n\n\n<figure class=\"wp-block-image\"><img loading=\"lazy\" decoding=\"async\" width=\"1024\" height=\"683\" src=\"https:\/\/www.turismocaravaca.com\/blog\/wp-content\/uploads\/2019\/11\/presentaciondetapasencaravaca03-1024x683.jpg\" alt=\"\" class=\"wp-image-8451\" srcset=\"https:\/\/www.turismocaravaca.com\/blog\/wp-content\/uploads\/2019\/11\/presentaciondetapasencaravaca03-1024x683.jpg 1024w, https:\/\/www.turismocaravaca.com\/blog\/wp-content\/uploads\/2019\/11\/presentaciondetapasencaravaca03-300x200.jpg 300w, https:\/\/www.turismocaravaca.com\/blog\/wp-content\/uploads\/2019\/11\/presentaciondetapasencaravaca03-768x512.jpg 768w\" sizes=\"(max-width: 1024px) 100vw, 1024px\" \/><\/figure>\n\n\n\n<p><strong>Servicio gratuito de guarder\u00eda para los s\u00e1bados (plazas limitadas)<\/strong><\/p>\n\n\n\n<p>Para que los ni\u00f1os tengan un lugar de ocio atendido por monitores  mientras sus padres o madres deciden continuar con la ruta, durante los  tres fines de semana (09\/16\/23) se oferta un servicio de guarder\u00eda  gratuito. Las reservas se realizan el viernes previo en \u00abChachipark\u00bb y  las plazas son limitadas. De esta forma se ofrece una alternativa a los  padres y madres que deseen participar en la ruta y en \u00abtardeo\u00bb de los  tres pubs participantes Blanco y Negro, Class y La Nota.<\/p>\n\n\n\n<p>Os dejamos el enlace al rutero de esta VI edici\u00f3n de &#8216;De tapas en Caravaca&#8217;: <\/p>\n\n\n\n<p><a href=\"http:\/\/www.turismocaravaca.com\/images\/jevents\/5dc14d645959b4.12810532.pdf\">http:\/\/www.turismocaravaca.com\/images\/jevents\/5dc14d645959b4.12810532.pdf<\/a><\/p>\n\n\n\n<p><\/p>\n","protected":false},"excerpt":{"rendered":"<p>Una veintena de bares, restaurantes, cafeter\u00edas y pubs forman parte de esta ruta gastron\u00f3mica La Asociaci\u00f3n de Comerciantes y Hosteleros, en colaboraci\u00f3n con el Ayuntamiento de Caravaca y Estrella de Levante, promueven este evento que promociona la gastronom\u00eda y los productos de la tierra Durante tres fines de semana (del 8 al 24 de noviembre, [&hellip;]<\/p>\n","protected":false},"author":2,"featured_media":0,"comment_status":"open","ping_status":"open","sticky":false,"template":"","format":"standard","meta":{"footnotes":""},"categories":[3,2126,14],"tags":[654,1769],"class_list":["post-8448","post","type-post","status-publish","format-standard","hentry","category-actividades","category-espanol","category-eventos","tag-de-tapas-en-caravaca","tag-ruta-de-la-tapa-caravaca"],"_links":{"self":[{"href":"https:\/\/www.turismocaravaca.com\/blog\/wp-json\/wp\/v2\/posts\/8448"}],"collection":[{"href":"https:\/\/www.turismocaravaca.com\/blog\/wp-json\/wp\/v2\/posts"}],"about":[{"href":"https:\/\/www.turismocaravaca.com\/blog\/wp-json\/wp\/v2\/types\/post"}],"author":[{"embeddable":true,"href":"https:\/\/www.turismocaravaca.com\/blog\/wp-json\/wp\/v2\/users\/2"}],"replies":[{"embeddable":true,"href":"https:\/\/www.turismocaravaca.com\/blog\/wp-json\/wp\/v2\/comments?post=8448"}],"version-history":[{"count":2,"href":"https:\/\/www.turismocaravaca.com\/blog\/wp-json\/wp\/v2\/posts\/8448\/revisions"}],"predecessor-version":[{"id":8453,"href":"https:\/\/www.turismocaravaca.com\/blog\/wp-json\/wp\/v2\/posts\/8448\/revisions\/8453"}],"wp:attachment":[{"href":"https:\/\/www.turismocaravaca.com\/blog\/wp-json\/wp\/v2\/media?parent=8448"}],"wp:term":[{"taxonomy":"category","embeddable":true,"href":"https:\/\/www.turismocaravaca.com\/blog\/wp-json\/wp\/v2\/categories?post=8448"},{"taxonomy":"post_tag","embeddable":true,"href":"https:\/\/www.turismocaravaca.com\/blog\/wp-json\/wp\/v2\/tags?post=8448"}],"curies":[{"name":"wp","href":"https:\/\/api.w.org\/{rel}","templated":true}]}}