{"id":8454,"date":"2019-11-12T14:06:16","date_gmt":"2019-11-12T13:06:16","guid":{"rendered":"http:\/\/www.turismocaravaca.com\/blog\/?p=8454"},"modified":"2019-11-12T14:06:16","modified_gmt":"2019-11-12T13:06:16","slug":"charla-sobre-donacion-y-trasplante-de-medula","status":"publish","type":"post","link":"https:\/\/www.turismocaravaca.com\/blog\/charla-sobre-donacion-y-trasplante-de-medula\/","title":{"rendered":"Charla sobre donaci\u00f3n y trasplante de m\u00e9dula"},"content":{"rendered":"\n<figure class=\"wp-block-image\"><img loading=\"lazy\" decoding=\"async\" width=\"488\" height=\"695\" src=\"https:\/\/www.turismocaravaca.com\/blog\/wp-content\/uploads\/2019\/11\/Captura.jpg\" alt=\"\" class=\"wp-image-8455\" srcset=\"https:\/\/www.turismocaravaca.com\/blog\/wp-content\/uploads\/2019\/11\/Captura.jpg 488w, https:\/\/www.turismocaravaca.com\/blog\/wp-content\/uploads\/2019\/11\/Captura-211x300.jpg 211w\" sizes=\"(max-width: 488px) 100vw, 488px\" \/><\/figure>\n\n\n\n<p>El pr\u00f3ximo viernes, 15 de noviembre a las 20:30 en el &#8216;C\u00edrculo Mercantil&#8217;, el Doctor D. Antonio L\u00f3pez Bermejo, director de la Fell (Fundaci\u00f3n espa\u00f1ola para la lucha contra la leucemia.<\/p>\n\n\n\n<p>El objetivo de esta charla es concienciar y aclarar algunas dudas sobre la donaci\u00f3n.<\/p>\n\n\n\n<h2 class=\"wp-block-heading\">\u00bfEn qu\u00e9 consiste la donaci\u00f3n de m\u00e9dula \u00f3sea?<\/h2>\n\n\n\n<p>La donaci\u00f3n de medula \u00f3sea se realiza extrayendo, con una \njeringuilla, una peque\u00f1a cantidad de sangre medular de la parte \nposterior del hueso de la cadera. Asta extracci\u00f3n se realiza bajo \nanestesia general o epidural, en el hospital especializado m\u00e1s cercano \nal domicilio del donante.<\/p>\n\n\n\n<p>La obtenci\u00f3n de c\u00e9lulas madre de sangre perif\u00e9rica requiere \nadministrar 4 \u00f3 5 inyecciones subcut\u00e1neas de unas sustancias denominadas\n factores de crecimiento hematopoy\u00e9tico, que hacen que las c\u00e9lulas madre\n de la m\u00e9dula \u00f3sea pasen a la sangre. Esta donaci\u00f3n no requiere \nanestesia y se realiza en el hospital especializado m\u00e1s cercano al \ndomicilio del donante.<\/p>\n\n\n\n<h2 class=\"wp-block-heading\">\u00bfTiene riesgo la donaci\u00f3n?<\/h2>\n\n\n\n<p>La donaci\u00f3n de m\u00e9dula \u00f3sea no conlleva otro riesgo que el de la \nanestesia. En Tras la extracci\u00f3n puede existir un ligero dolor residual \nen la zona de punci\u00f3n que desaparece a los pocos d\u00edas de la donaci\u00f3n.<\/p>\n\n\n\n<p>En la donaci\u00f3n de progenitores de sangre perif\u00e9rica el \u00fanico efecto \nsecundario relevante es el dolorimiento generalizado de huesos y \nm\u00fasculos (como el de la gripe) que pueden producir los factores de \ncrecimiento hematopoy\u00e9tico, y que desaparece en pocos d\u00edas. El riesgo \nderivado de la obtenci\u00f3n de estos progenitores es pr\u00e1cticamente nulo.<\/p>\n\n\n\n<h2 class=\"wp-block-heading\">\u00bfPuedo retirarme del registro?<\/h2>\n\n\n\n<p>REDMO, y la FBSTIB es consciente de que las circunstancias personales\n o f\u00edsicas de una persona pueden variar con el tiempo y, en \nconsecuencia, el donante es libre de darse de baja del Registro si as\u00ed \nlo desea en cualquier momento. A\u00fan as\u00ed, hay que recordar que ser donante\n de progenitores hematopoy\u00e9ticos implica un compromiso moral que debe \nser meditado antes de inscribirse en el Registro, y que se espera que el\n donante no cambie de idea si est\u00e1 en juego la vida de otra persona.<\/p>\n\n\n\n<h2 class=\"wp-block-heading\">\u00bfLa donaci\u00f3n est\u00e1 retribuida?<\/h2>\n\n\n\n<p>El donante no recibe ninguna compensaci\u00f3n econ\u00f3mica para la donaci\u00f3n.\n La Fundaci\u00f3n Jos\u00e9 Carreras asumir\u00e1 todas los posibles gastos derivados \ndel proceso de donaci\u00f3n. La principal compensaci\u00f3n es la satisfacci\u00f3n \npersonal de haber salvado una vida o, al menos, haberlo intentado.<\/p>\n\n\n","protected":false},"excerpt":{"rendered":"<p>El pr\u00f3ximo viernes, 15 de noviembre a las 20:30 en el &#8216;C\u00edrculo Mercantil&#8217;, el Doctor D. Antonio L\u00f3pez Bermejo, director de la Fell (Fundaci\u00f3n espa\u00f1ola para la lucha contra la leucemia. El objetivo de esta charla es concienciar y aclarar algunas dudas sobre la donaci\u00f3n. \u00bfEn qu\u00e9 consiste la donaci\u00f3n de m\u00e9dula \u00f3sea? La donaci\u00f3n [&hellip;]<\/p>\n","protected":false},"author":2,"featured_media":0,"comment_status":"open","ping_status":"open","sticky":false,"template":"","format":"standard","meta":{"footnotes":""},"categories":[3,2126,14],"tags":[2606],"class_list":["post-8454","post","type-post","status-publish","format-standard","hentry","category-actividades","category-espanol","category-eventos","tag-fell-caravaca"],"_links":{"self":[{"href":"https:\/\/www.turismocaravaca.com\/blog\/wp-json\/wp\/v2\/posts\/8454"}],"collection":[{"href":"https:\/\/www.turismocaravaca.com\/blog\/wp-json\/wp\/v2\/posts"}],"about":[{"href":"https:\/\/www.turismocaravaca.com\/blog\/wp-json\/wp\/v2\/types\/post"}],"author":[{"embeddable":true,"href":"https:\/\/www.turismocaravaca.com\/blog\/wp-json\/wp\/v2\/users\/2"}],"replies":[{"embeddable":true,"href":"https:\/\/www.turismocaravaca.com\/blog\/wp-json\/wp\/v2\/comments?post=8454"}],"version-history":[{"count":1,"href":"https:\/\/www.turismocaravaca.com\/blog\/wp-json\/wp\/v2\/posts\/8454\/revisions"}],"predecessor-version":[{"id":8456,"href":"https:\/\/www.turismocaravaca.com\/blog\/wp-json\/wp\/v2\/posts\/8454\/revisions\/8456"}],"wp:attachment":[{"href":"https:\/\/www.turismocaravaca.com\/blog\/wp-json\/wp\/v2\/media?parent=8454"}],"wp:term":[{"taxonomy":"category","embeddable":true,"href":"https:\/\/www.turismocaravaca.com\/blog\/wp-json\/wp\/v2\/categories?post=8454"},{"taxonomy":"post_tag","embeddable":true,"href":"https:\/\/www.turismocaravaca.com\/blog\/wp-json\/wp\/v2\/tags?post=8454"}],"curies":[{"name":"wp","href":"https:\/\/api.w.org\/{rel}","templated":true}]}}