{"id":8458,"date":"2019-11-14T12:53:22","date_gmt":"2019-11-14T11:53:22","guid":{"rendered":"http:\/\/www.turismocaravaca.com\/blog\/?p=8458"},"modified":"2019-11-14T12:54:35","modified_gmt":"2019-11-14T11:54:35","slug":"el-mercado-del-peregrino-en-caravaca-de-la-cruz","status":"publish","type":"post","link":"https:\/\/www.turismocaravaca.com\/blog\/el-mercado-del-peregrino-en-caravaca-de-la-cruz\/","title":{"rendered":"El Mercado del Peregrino en Caravaca de la Cruz"},"content":{"rendered":"\n<figure class=\"wp-block-image\"><img loading=\"lazy\" decoding=\"async\" width=\"686\" height=\"1024\" src=\"https:\/\/www.turismocaravaca.com\/blog\/wp-content\/uploads\/2019\/11\/cartel-noviembre-686x1024.jpg\" alt=\"\" class=\"wp-image-8459\" srcset=\"https:\/\/www.turismocaravaca.com\/blog\/wp-content\/uploads\/2019\/11\/cartel-noviembre-686x1024.jpg 686w, https:\/\/www.turismocaravaca.com\/blog\/wp-content\/uploads\/2019\/11\/cartel-noviembre-201x300.jpg 201w, https:\/\/www.turismocaravaca.com\/blog\/wp-content\/uploads\/2019\/11\/cartel-noviembre-768x1146.jpg 768w\" sizes=\"(max-width: 686px) 100vw, 686px\" \/><\/figure>\n\n\n\n<p>El pr\u00f3ximo <strong>domingo 17<\/strong>, <strong>de 10:00 a 14:00 <\/strong>tendremos una nueva edici\u00f3n del tradicional <strong>&#8216;Mercado del Peregrino&#8217;<\/strong>. Este mes la tem\u00e1tica ser\u00e1 &#8216;La m\u00fasica&#8217;.<\/p>\n\n\n\n<p>La inauguraci\u00f3n de este Mercado Artesanal se realiz\u00f3 en el mes de <strong>diciembre del a\u00f1o 1997<\/strong>, por parte de las autoridades municipales, as\u00ed pues, <strong>ya va a cumplir 22  a\u00f1os<\/strong> <strong>de existencia<\/strong>. Todo un logro para una actividad como esta. Inicialmente, con el nombre de \u201cMercadillo Artesanal La Corredera\u201d, se celebr\u00f3 en la Plaza de San Juan de la Cruz, un bonito y recoleto enclave que, con el paso de los a\u00f1os, qued\u00f3 limitado por su peque\u00f1a superficie y no permit\u00eda la ampliaci\u00f3n del n\u00famero de puestos. Para salir de esa situaci\u00f3n de estancamiento se decidi\u00f3 trasladarlo a la Plaza del Arco y all\u00ed se celebra desde finales de 2005 hasta el 2013, a\u00f1o en el que pas\u00f3 a su ubicaci\u00f3n actual, La Glorieta o Calle Corredera, con el nuevo nombre e imagen de \u201cEl Mercado del Peregrino\u201d.<\/p>\n\n\n\n<p>A partir del 2014 se crea la <strong>&#8216;Asociaci\u00f3n de artesanos y productores La Corredera&#8217; <\/strong>que pasa a encargarse de su organizaci\u00f3n y gesti\u00f3n con la colaboraci\u00f3n como siempre del Ayuntamiento de Caravaca de la Cruz.<\/p>\n\n\n\n<p>Actividades y tem\u00e1ticas variadas y para todos los p\u00fablicos, decoraci\u00f3n, multitud de puestos artesanos con productos t\u00edpicos y tradicionales, actuaciones en directo&#8230;son los ingredientes que han contribuido al \u00e9xito en el tiempo de esta iniciativa, que hoy d\u00eda es parte del atractivo de nuestra Ciudad.<\/p>\n\n\n\n<p><\/p>\n\n\n\n<p><\/p>\n\n\n\n<p><\/p>\n","protected":false},"excerpt":{"rendered":"<p>El pr\u00f3ximo domingo 17, de 10:00 a 14:00 tendremos una nueva edici\u00f3n del tradicional &#8216;Mercado del Peregrino&#8217;. Este mes la tem\u00e1tica ser\u00e1 &#8216;La m\u00fasica&#8217;. La inauguraci\u00f3n de este Mercado Artesanal se realiz\u00f3 en el mes de diciembre del a\u00f1o 1997, por parte de las autoridades municipales, as\u00ed pues, ya va a cumplir 22 a\u00f1os de [&hellip;]<\/p>\n","protected":false},"author":2,"featured_media":0,"comment_status":"open","ping_status":"open","sticky":false,"template":"","format":"standard","meta":{"footnotes":""},"categories":[3,5,10,2117,2126,14,23,2138],"tags":[1325],"class_list":["post-8458","post","type-post","status-publish","format-standard","hentry","category-actividades","category-artesania","category-conciertos-2","category-cruz-de-caravaca","category-espanol","category-eventos","category-mercado-2","category-musica","tag-mercado-del-peregrino-caravaca"],"_links":{"self":[{"href":"https:\/\/www.turismocaravaca.com\/blog\/wp-json\/wp\/v2\/posts\/8458"}],"collection":[{"href":"https:\/\/www.turismocaravaca.com\/blog\/wp-json\/wp\/v2\/posts"}],"about":[{"href":"https:\/\/www.turismocaravaca.com\/blog\/wp-json\/wp\/v2\/types\/post"}],"author":[{"embeddable":true,"href":"https:\/\/www.turismocaravaca.com\/blog\/wp-json\/wp\/v2\/users\/2"}],"replies":[{"embeddable":true,"href":"https:\/\/www.turismocaravaca.com\/blog\/wp-json\/wp\/v2\/comments?post=8458"}],"version-history":[{"count":2,"href":"https:\/\/www.turismocaravaca.com\/blog\/wp-json\/wp\/v2\/posts\/8458\/revisions"}],"predecessor-version":[{"id":8462,"href":"https:\/\/www.turismocaravaca.com\/blog\/wp-json\/wp\/v2\/posts\/8458\/revisions\/8462"}],"wp:attachment":[{"href":"https:\/\/www.turismocaravaca.com\/blog\/wp-json\/wp\/v2\/media?parent=8458"}],"wp:term":[{"taxonomy":"category","embeddable":true,"href":"https:\/\/www.turismocaravaca.com\/blog\/wp-json\/wp\/v2\/categories?post=8458"},{"taxonomy":"post_tag","embeddable":true,"href":"https:\/\/www.turismocaravaca.com\/blog\/wp-json\/wp\/v2\/tags?post=8458"}],"curies":[{"name":"wp","href":"https:\/\/api.w.org\/{rel}","templated":true}]}}