{"id":8463,"date":"2019-11-19T10:59:22","date_gmt":"2019-11-19T09:59:22","guid":{"rendered":"http:\/\/www.turismocaravaca.com\/blog\/?p=8463"},"modified":"2019-11-19T10:59:22","modified_gmt":"2019-11-19T09:59:22","slug":"espectaculo-flamenco-lo-comio-por-lo-sentio","status":"publish","type":"post","link":"https:\/\/www.turismocaravaca.com\/blog\/espectaculo-flamenco-lo-comio-por-lo-sentio\/","title":{"rendered":"Espect\u00e1culo flamenco &#8216;Lo com\u00edo por lo sent\u00edo&#8217;"},"content":{"rendered":"\n<figure class=\"wp-block-image\"><img loading=\"lazy\" decoding=\"async\" width=\"724\" height=\"1024\" src=\"https:\/\/www.turismocaravaca.com\/blog\/wp-content\/uploads\/2019\/11\/23.11-Ballet-Flamenco-2-724x1024.jpg\" alt=\"\" class=\"wp-image-8464\" srcset=\"https:\/\/www.turismocaravaca.com\/blog\/wp-content\/uploads\/2019\/11\/23.11-Ballet-Flamenco-2-724x1024.jpg 724w, https:\/\/www.turismocaravaca.com\/blog\/wp-content\/uploads\/2019\/11\/23.11-Ballet-Flamenco-2-212x300.jpg 212w, https:\/\/www.turismocaravaca.com\/blog\/wp-content\/uploads\/2019\/11\/23.11-Ballet-Flamenco-2-768x1086.jpg 768w, https:\/\/www.turismocaravaca.com\/blog\/wp-content\/uploads\/2019\/11\/23.11-Ballet-Flamenco-2.jpg 1131w\" sizes=\"(max-width: 724px) 100vw, 724px\" \/><\/figure>\n\n\n\n<p> Cuatro mujeres se re\u00fanen en una doble reivindicaci\u00f3n, para poner en  valor la <strong>tradici\u00f3n flamenca <\/strong>en Murcia -\u00absiempre se asocia m\u00e1s este arte a  Andaluc\u00eda pero aqu\u00ed hay mucha tradici\u00f3n. Antes hab\u00eda tablaos flamencos y  ahora no hay nada. Por suerte queda el Cante de las Minas\u00bb- y denunciar  la falta de apoyo por parte de la Regi\u00f3n \u00aba la cultura en general y la  danza en particular\u00bb. Su mensaje se canaliza en una coreograf\u00eda: &#8216;Lo com\u00edo por lo sent\u00edo&#8217; es una idea original de las  integrantes del Ballet Flamenco de <strong>Murcia Lorena Jim\u00e9nez (Murcia, 1991),  Mercedes Carrillo (Alcantarilla, 1989), Carmen Contreras (Molina de  Segura, 1993) y Bego\u00f1a Caravaca (Murcia, 1990).<\/strong> \u00abNos hemos encargado de  todo: coreograf\u00eda, producci\u00f3n, vestuario, escenograf\u00eda&#8230;\u00bb, explican. <\/p>\n\n\n\n<figure class=\"wp-block-embed-youtube wp-block-embed is-type-video is-provider-youtube wp-embed-aspect-16-9 wp-has-aspect-ratio\"><div class=\"wp-block-embed__wrapper\">\n<iframe loading=\"lazy\" title=\"&quot;Lo com\u00edo por lo sent\u00edo&quot;\" width=\"768\" height=\"432\" src=\"https:\/\/www.youtube.com\/embed\/Lwo1Tts9rUs?feature=oembed\" frameborder=\"0\" allow=\"accelerometer; autoplay; encrypted-media; gyroscope; picture-in-picture\" allowfullscreen><\/iframe>\n<\/div><\/figure>\n\n\n\n<p> El espect\u00e1culo se basa en las vivencias de estas artistas que tuvieron  que abandonar su tierra para buscarse la vida en otras regiones o pa\u00edses  -\u00abdos de nosotras estuvimos en Dub\u00e1i (Emiratos \u00c1rabes) bailando\u00bb- y  expresa la \u00abnecesidad de volver a las ra\u00edces y empoderarte como  bailarina murciana\u00bb.  <\/p>\n\n\n\n<p>&#8216;Lo com\u00edo por lo sent\u00edo&#8217; pasa por cinco fases: \u00abEn la primera \nbailamos por peteneras y contamos c\u00f3mo renegamos de la tierra para \napostar por nuestro futuro; en la segunda, las seguiriyas demuestran las\n ganas de continuar; la tercera, con un aire m\u00e1s contempor\u00e1neo, \ndemuestra la resiliencia; la cuarta pieza revive la libertad de haber \nconseguido el objetivo; la \u00faltima es un taranto, un gui\u00f1o al folclore \nregional\u00bb. <\/p>\n\n\n\n<p>Acompa\u00f1an a las artistas en este espect\u00e1culo,  enmarcado dentro del tercer Ciclo de Danza Espa\u00f1ola y Flamenco, dirigido  y organizado por \u00c1ngel Manarre, estar\u00e1n acompa\u00f1adas por \u00d3scar Zoilo a  la guitarra, el cantaor Jos\u00e9 Antonio Chac\u00f3n, Irene Carri\u00f3n como segunda  voz y chelista y Alejandro Solano con la percusi\u00f3n.<\/p>\n\n\n\n<p><strong>Fuente: La Verdad.<\/strong><\/p>\n","protected":false},"excerpt":{"rendered":"<p>Cuatro mujeres se re\u00fanen en una doble reivindicaci\u00f3n, para poner en valor la tradici\u00f3n flamenca en Murcia -\u00absiempre se asocia m\u00e1s este arte a Andaluc\u00eda pero aqu\u00ed hay mucha tradici\u00f3n. Antes hab\u00eda tablaos flamencos y ahora no hay nada. Por suerte queda el Cante de las Minas\u00bb- y denunciar la falta de apoyo por parte [&hellip;]<\/p>\n","protected":false},"author":2,"featured_media":0,"comment_status":"open","ping_status":"open","sticky":false,"template":"","format":"standard","meta":{"footnotes":""},"categories":[3,10,2126,14,15,2601,2138],"tags":[1001,2607],"class_list":["post-8463","post","type-post","status-publish","format-standard","hentry","category-actividades","category-conciertos-2","category-espanol","category-eventos","category-exhibiciones","category-festivales","category-musica","tag-flamenco-en-caravaca","tag-lo-comio-por-lo-sentio"],"_links":{"self":[{"href":"https:\/\/www.turismocaravaca.com\/blog\/wp-json\/wp\/v2\/posts\/8463"}],"collection":[{"href":"https:\/\/www.turismocaravaca.com\/blog\/wp-json\/wp\/v2\/posts"}],"about":[{"href":"https:\/\/www.turismocaravaca.com\/blog\/wp-json\/wp\/v2\/types\/post"}],"author":[{"embeddable":true,"href":"https:\/\/www.turismocaravaca.com\/blog\/wp-json\/wp\/v2\/users\/2"}],"replies":[{"embeddable":true,"href":"https:\/\/www.turismocaravaca.com\/blog\/wp-json\/wp\/v2\/comments?post=8463"}],"version-history":[{"count":1,"href":"https:\/\/www.turismocaravaca.com\/blog\/wp-json\/wp\/v2\/posts\/8463\/revisions"}],"predecessor-version":[{"id":8465,"href":"https:\/\/www.turismocaravaca.com\/blog\/wp-json\/wp\/v2\/posts\/8463\/revisions\/8465"}],"wp:attachment":[{"href":"https:\/\/www.turismocaravaca.com\/blog\/wp-json\/wp\/v2\/media?parent=8463"}],"wp:term":[{"taxonomy":"category","embeddable":true,"href":"https:\/\/www.turismocaravaca.com\/blog\/wp-json\/wp\/v2\/categories?post=8463"},{"taxonomy":"post_tag","embeddable":true,"href":"https:\/\/www.turismocaravaca.com\/blog\/wp-json\/wp\/v2\/tags?post=8463"}],"curies":[{"name":"wp","href":"https:\/\/api.w.org\/{rel}","templated":true}]}}