{"id":8512,"date":"2019-12-10T11:23:45","date_gmt":"2019-12-10T10:23:45","guid":{"rendered":"http:\/\/www.turismocaravaca.com\/blog\/?p=8512"},"modified":"2019-12-10T11:24:22","modified_gmt":"2019-12-10T10:24:22","slug":"8512-2","status":"publish","type":"post","link":"https:\/\/www.turismocaravaca.com\/blog\/8512-2\/","title":{"rendered":"La Fundaci\u00f3n &#8216;Camino de la Cruz&#8217; invertir\u00e1 38.000 euros en la conservaci\u00f3n de las tablas de Hernando de Llanos"},"content":{"rendered":"\n<p><\/p>\n\n\n\n<p>Seis vitrinas que contar\u00e1n con un sistema de protecci\u00f3n y conservaci\u00f3n de vanguardia \u00a0custodiar\u00e1n las tablas de Hernando de Llanos<\/p>\n\n\n\n<div class=\"wp-block-image\"><figure class=\"aligncenter\"><img loading=\"lazy\" decoding=\"async\" width=\"1024\" height=\"710\" src=\"https:\/\/www.turismocaravaca.com\/blog\/wp-content\/uploads\/2019\/12\/102373-20191209IMG.Tablas-1024x710.jpg\" alt=\"\" class=\"wp-image-8513\" srcset=\"https:\/\/www.turismocaravaca.com\/blog\/wp-content\/uploads\/2019\/12\/102373-20191209IMG.Tablas-1024x710.jpg 1024w, https:\/\/www.turismocaravaca.com\/blog\/wp-content\/uploads\/2019\/12\/102373-20191209IMG.Tablas-300x208.jpg 300w, https:\/\/www.turismocaravaca.com\/blog\/wp-content\/uploads\/2019\/12\/102373-20191209IMG.Tablas-768x532.jpg 768w, https:\/\/www.turismocaravaca.com\/blog\/wp-content\/uploads\/2019\/12\/102373-20191209IMG.Tablas.jpg 1346w\" sizes=\"(max-width: 1024px) 100vw, 1024px\" \/><figcaption> <em>Imagen de las tablas de Hernando de Llanos durante la exposici\u00f3n &#8216;Signum, la gloria del renacimiento en el reino de Murcia&#8217;<\/em> <\/figcaption><\/figure><\/div>\n\n\n\n<p>El Patronato\nde la Fundaci\u00f3n Camino de la Cruz aprob\u00f3 en su \u00faltima reuni\u00f3n invertir 38.000\neuros en la conservaci\u00f3n de las seis tablas de Hernando de Llanos que ser\u00e1n\ncustodiadas en el museo sacro de la Bas\u00edlica-Santuario de la Vera Cruz.<\/p>\n\n\n\n<p>Se\npreservar\u00e1n en el interior de vitrinas especiales y bajo un sistema de\nprotecci\u00f3n y conservaci\u00f3n de vanguardia solo disponible, en la actualidad, en\ngrandes museos como el Arqueol\u00f3gico de Madrid, el Museo Nacional de Arte de\nBarcelona o el Louvre de Par\u00eds.<\/p>\n\n\n\n<p>Estas tablas, que narran el milagro de la aparici\u00f3n de la Vera Cruz de Caravaca, fueron restauradas y se convirtieron en el elemento central de la exposici\u00f3n \u2018Signum: la Gloria del Renacimiento en el Reino de Murcia\u2019, que fue visitada por m\u00e1s de 25.000 personas a lo largo del A\u00f1o Jubilar 2017.<\/p>\n\n\n\n<div class=\"wp-block-image\"><figure class=\"aligncenter\"><img loading=\"lazy\" decoding=\"async\" width=\"548\" height=\"640\" src=\"https:\/\/www.turismocaravaca.com\/blog\/wp-content\/uploads\/2019\/12\/091220191355521.jpg\" alt=\"\" class=\"wp-image-8514\" srcset=\"https:\/\/www.turismocaravaca.com\/blog\/wp-content\/uploads\/2019\/12\/091220191355521.jpg 548w, https:\/\/www.turismocaravaca.com\/blog\/wp-content\/uploads\/2019\/12\/091220191355521-257x300.jpg 257w\" sizes=\"(max-width: 548px) 100vw, 548px\" \/><figcaption>Tabla que narra la aparici\u00f3n de la Cruz al sacerdote Gin\u00e9s P\u00e9rez Chirinos<\/figcaption><\/figure><\/div>\n\n\n\n<p>La consejera\nde Turismo, Juventud y Deportes y presidenta de la Fundaci\u00f3n \u2018Camino de la\nCruz\u2019, Cristina S\u00e1nchez, explic\u00f3 que \u201cpreservar esta obra renacentista del\nsiglo XVI es una actuaci\u00f3n que posicionar\u00e1 el museo de la Vera Cruz como centro\nde referencia para disfrutar del patrimonio art\u00edstico y cultural de la Regi\u00f3n\u201d.<\/p>\n\n\n\n<p>Esta\niniciativa se suma a las actuaciones promovidas por la Fundaci\u00f3n Camino de la\nCruz para la puesta en valor del patrimonio religioso y cultural de Caravaca de\nla Cruz, entre las que tambi\u00e9n se encuentran la rehabilitaci\u00f3n de la fachada\ndel Monasterio de Santa Clara y de la Iglesia del Salvador, as\u00ed como la puesta\nen marcha del nuevo tramo del Camino de Levante.<\/p>\n\n\n\n<p>El Patronato de la Fundaci\u00f3n Camino de la Cruz lo conforman el Grupo Fuertes, Postres Reina, Estrella de Levante, Limcamar, Caf\u00e9 Salzillo, Fundaci\u00f3n UCAM, Fundaci\u00f3n Hefame, Cofrad\u00eda de la Sant\u00edsima y Vera Cruz de Caravaca y el Instituto de Turismo.<\/p>\n\n\n\n<p>Fuentes:<\/p>\n\n\n\n<p><a href=\"http:\/\/www.carm.es\">www.carm.es<\/a><\/p>\n\n\n\n<p>Real e Ilustre Cofrad\u00eda de la Stma. y Vera Cruz de Caravaca<\/p>\n\n\n\n<p><\/p>\n","protected":false},"excerpt":{"rendered":"<p>Seis vitrinas que contar\u00e1n con un sistema de protecci\u00f3n y conservaci\u00f3n de vanguardia \u00a0custodiar\u00e1n las tablas de Hernando de Llanos El Patronato de la Fundaci\u00f3n Camino de la Cruz aprob\u00f3 en su \u00faltima reuni\u00f3n invertir 38.000 euros en la conservaci\u00f3n de las seis tablas de Hernando de Llanos que ser\u00e1n custodiadas en el museo sacro [&hellip;]<\/p>\n","protected":false},"author":2,"featured_media":8514,"comment_status":"open","ping_status":"open","sticky":false,"template":"","format":"standard","meta":{"footnotes":""},"categories":[4,6,9,2117,2126],"tags":[],"class_list":["post-8512","post","type-post","status-publish","format-standard","has-post-thumbnail","hentry","category-arte","category-basilicas","category-cofradias","category-cruz-de-caravaca","category-espanol"],"_links":{"self":[{"href":"https:\/\/www.turismocaravaca.com\/blog\/wp-json\/wp\/v2\/posts\/8512"}],"collection":[{"href":"https:\/\/www.turismocaravaca.com\/blog\/wp-json\/wp\/v2\/posts"}],"about":[{"href":"https:\/\/www.turismocaravaca.com\/blog\/wp-json\/wp\/v2\/types\/post"}],"author":[{"embeddable":true,"href":"https:\/\/www.turismocaravaca.com\/blog\/wp-json\/wp\/v2\/users\/2"}],"replies":[{"embeddable":true,"href":"https:\/\/www.turismocaravaca.com\/blog\/wp-json\/wp\/v2\/comments?post=8512"}],"version-history":[{"count":2,"href":"https:\/\/www.turismocaravaca.com\/blog\/wp-json\/wp\/v2\/posts\/8512\/revisions"}],"predecessor-version":[{"id":8516,"href":"https:\/\/www.turismocaravaca.com\/blog\/wp-json\/wp\/v2\/posts\/8512\/revisions\/8516"}],"wp:featuredmedia":[{"embeddable":true,"href":"https:\/\/www.turismocaravaca.com\/blog\/wp-json\/wp\/v2\/media\/8514"}],"wp:attachment":[{"href":"https:\/\/www.turismocaravaca.com\/blog\/wp-json\/wp\/v2\/media?parent=8512"}],"wp:term":[{"taxonomy":"category","embeddable":true,"href":"https:\/\/www.turismocaravaca.com\/blog\/wp-json\/wp\/v2\/categories?post=8512"},{"taxonomy":"post_tag","embeddable":true,"href":"https:\/\/www.turismocaravaca.com\/blog\/wp-json\/wp\/v2\/tags?post=8512"}],"curies":[{"name":"wp","href":"https:\/\/api.w.org\/{rel}","templated":true}]}}