{"id":8535,"date":"2019-12-26T12:45:53","date_gmt":"2019-12-26T11:45:53","guid":{"rendered":"http:\/\/www.turismocaravaca.com\/blog\/?p=8535"},"modified":"2019-12-26T12:47:37","modified_gmt":"2019-12-26T11:47:37","slug":"las-actuaciones-beneficas-de-comparte-tus-talentos-llegan-este-jueves-al-escenario-del-thuillier-de-caravaca","status":"publish","type":"post","link":"https:\/\/www.turismocaravaca.com\/blog\/las-actuaciones-beneficas-de-comparte-tus-talentos-llegan-este-jueves-al-escenario-del-thuillier-de-caravaca\/","title":{"rendered":"Las actuaciones ben\u00e9ficas de \u2018Comparte tus talentos\u2019 llegan este jueves al escenario del Thuillier de Caravaca"},"content":{"rendered":"\n<p>Hoy vamos a dedicar el blog de turismo  a las actuaciones que esta tarde van a tener lugar en el teatro Thuillier.<\/p>\n\n\n\n<p>M\u00e1s de diez grupos y artistas han confirmado su participaci\u00f3n en la gala \u2018Comparte tus talentos\u2019, que celebra su sexta edici\u00f3n este jueves 26 de diciembre, en el teatro Thuillier, con actuaciones de las 17.30 a las 20.30 horas.<\/p>\n\n\n\n<div class=\"wp-block-image\"><figure class=\"aligncenter size-large\"><img loading=\"lazy\" decoding=\"async\" width=\"817\" height=\"1024\" src=\"https:\/\/www.turismocaravaca.com\/blog\/wp-content\/uploads\/2019\/12\/cartel-comparte-2019-def-2-817x1024.jpg\" alt=\"\" class=\"wp-image-8536\" srcset=\"https:\/\/www.turismocaravaca.com\/blog\/wp-content\/uploads\/2019\/12\/cartel-comparte-2019-def-2-817x1024.jpg 817w, https:\/\/www.turismocaravaca.com\/blog\/wp-content\/uploads\/2019\/12\/cartel-comparte-2019-def-2-239x300.jpg 239w, https:\/\/www.turismocaravaca.com\/blog\/wp-content\/uploads\/2019\/12\/cartel-comparte-2019-def-2-768x962.jpg 768w, https:\/\/www.turismocaravaca.com\/blog\/wp-content\/uploads\/2019\/12\/cartel-comparte-2019-def-2-1226x1536.jpg 1226w, https:\/\/www.turismocaravaca.com\/blog\/wp-content\/uploads\/2019\/12\/cartel-comparte-2019-def-2-1634x2048.jpg 1634w, https:\/\/www.turismocaravaca.com\/blog\/wp-content\/uploads\/2019\/12\/cartel-comparte-2019-def-2-scaled.jpg 2043w\" sizes=\"(max-width: 817px) 100vw, 817px\" \/><\/figure><\/div>\n\n\n\n<p>Con la colaboraci\u00f3n del Consistorio caravaque\u00f1o, a\ntrav\u00e9s de sus concejal\u00edas de Servicios Sociales y Educaci\u00f3n, la ONG local \u2018Unidad y\nfraternidad\u2019 es la promotora de esta actividad solidaria y cultural, con la que\nse recaudar\u00e1n fondos para apoyar los fines de la asociaci\u00f3n de voluntarios de\nlas Hermanas de la Residencia de Ancianos. &nbsp;\u2018Unidad y Fraternidad\u2019 tambi\u00e9n destina\n\u2018microbecas\u2019 a estudiantes de caravaque\u00f1os. <\/p>\n\n\n\n<p>\u201cLa gala \u2018Comparte tus talentos\u2019 es una de las\npropuestas incluidas en la programaci\u00f3n \u2018Es Navidad en Caravaca\u2019, coordinada\npor las distintas concejal\u00edas del Ayuntamiento e integrada por un centenar de\nactividades para todos los p\u00fablicos de car\u00e1cter solidario, cultural, infantil o\ndeportivo\u201d, en palabras del edil de Educaci\u00f3n y Deportes, Jos\u00e9 Fern\u00e1ndez\nTudela. <\/p>\n\n\n\n<p>La presentaci\u00f3n de \u2018Comparte tus talentos\u2019 tambi\u00e9n\nha contado con la presencia de la concejal de Servicios Sociales, Isabel L\u00f3pez,\njunto a las presidentas de \u2018Unidad\ny fraternidad\u2019, Mari Carmen Gim\u00e9nez, y de la Asociaci\u00f3n de Hermanas de los\nAncianos Desamparados, Carmen Ruiz Mulero, quienes han animado al p\u00fablico a la\nasistencia y han agradecido la implicaci\u00f3n altruista de todos los artistas y colaboradores\nde la gala. <\/p>\n\n\n\n<p>La concejal Isabel L\u00f3pez ha se\u00f1alado que \u201cComparte tus talentos llega de nuevo al escenario del Thuillier y nos da la posibilidad a actores y espectadores de poder ser solidarios y, adem\u00e1s, divirti\u00e9ndonos. Los artistas que participan lo hacen desde su deseo de poner en com\u00fan su arte y nosotros podemos participar con nuestra presencia, con nuestra escucha y con nuestros donativos voluntarios\u201d.<\/p>\n\n\n\n<div class=\"wp-block-image\"><figure class=\"aligncenter size-large\"><img loading=\"lazy\" decoding=\"async\" width=\"768\" height=\"1024\" src=\"https:\/\/www.turismocaravaca.com\/blog\/wp-content\/uploads\/2019\/12\/presentaciongalacompartetustalentos-768x1024.jpg\" alt=\"\" class=\"wp-image-8537\" srcset=\"https:\/\/www.turismocaravaca.com\/blog\/wp-content\/uploads\/2019\/12\/presentaciongalacompartetustalentos-768x1024.jpg 768w, https:\/\/www.turismocaravaca.com\/blog\/wp-content\/uploads\/2019\/12\/presentaciongalacompartetustalentos-225x300.jpg 225w, https:\/\/www.turismocaravaca.com\/blog\/wp-content\/uploads\/2019\/12\/presentaciongalacompartetustalentos-1152x1536.jpg 1152w, https:\/\/www.turismocaravaca.com\/blog\/wp-content\/uploads\/2019\/12\/presentaciongalacompartetustalentos-1536x2048.jpg 1536w, https:\/\/www.turismocaravaca.com\/blog\/wp-content\/uploads\/2019\/12\/presentaciongalacompartetustalentos-scaled.jpg 1920w\" sizes=\"(max-width: 768px) 100vw, 768px\" \/><\/figure><\/div>\n\n\n\n<p>En la edici\u00f3n de 2019 participar\u00e1n Mar\u00eda Ruiz Ponce (Puerto Lumbreras), Ismael Puerta (Ceheg\u00edn), Alicia Raigal (Ceheg\u00edn), Dani Navarro (Ceheg\u00edn), Loli Valera (Bullas), Jos\u00e9 Andr\u00e9s Mond\u00e9jar (organista de la Bas\u00edlica de la Vera Cruz), Catarina Choi (Caravaca), Manuel Jim\u00e9nez (Caravaca), Dafne Dance Academy (Caravaca), Cuadrilla de Animeros (Caravaca), Coro Rociero \u201cSant\u00edsima y Vera Cruz de Caravaca y el d\u00fao \u2018Hispania. Verso y madera\u2019 (Caravaca). <\/p>\n\n\n\n<p><\/p>\n","protected":false},"excerpt":{"rendered":"<p>Hoy vamos a dedicar el blog de turismo a las actuaciones que esta tarde van a tener lugar en el teatro Thuillier. M\u00e1s de diez grupos y artistas han confirmado su participaci\u00f3n en la gala \u2018Comparte tus talentos\u2019, que celebra su sexta edici\u00f3n este jueves 26 de diciembre, en el teatro Thuillier, con actuaciones de [&hellip;]<\/p>\n","protected":false},"author":2,"featured_media":8536,"comment_status":"open","ping_status":"open","sticky":false,"template":"","format":"standard","meta":{"footnotes":""},"categories":[3,2126,14],"tags":[],"class_list":["post-8535","post","type-post","status-publish","format-standard","has-post-thumbnail","hentry","category-actividades","category-espanol","category-eventos"],"_links":{"self":[{"href":"https:\/\/www.turismocaravaca.com\/blog\/wp-json\/wp\/v2\/posts\/8535"}],"collection":[{"href":"https:\/\/www.turismocaravaca.com\/blog\/wp-json\/wp\/v2\/posts"}],"about":[{"href":"https:\/\/www.turismocaravaca.com\/blog\/wp-json\/wp\/v2\/types\/post"}],"author":[{"embeddable":true,"href":"https:\/\/www.turismocaravaca.com\/blog\/wp-json\/wp\/v2\/users\/2"}],"replies":[{"embeddable":true,"href":"https:\/\/www.turismocaravaca.com\/blog\/wp-json\/wp\/v2\/comments?post=8535"}],"version-history":[{"count":2,"href":"https:\/\/www.turismocaravaca.com\/blog\/wp-json\/wp\/v2\/posts\/8535\/revisions"}],"predecessor-version":[{"id":8539,"href":"https:\/\/www.turismocaravaca.com\/blog\/wp-json\/wp\/v2\/posts\/8535\/revisions\/8539"}],"wp:featuredmedia":[{"embeddable":true,"href":"https:\/\/www.turismocaravaca.com\/blog\/wp-json\/wp\/v2\/media\/8536"}],"wp:attachment":[{"href":"https:\/\/www.turismocaravaca.com\/blog\/wp-json\/wp\/v2\/media?parent=8535"}],"wp:term":[{"taxonomy":"category","embeddable":true,"href":"https:\/\/www.turismocaravaca.com\/blog\/wp-json\/wp\/v2\/categories?post=8535"},{"taxonomy":"post_tag","embeddable":true,"href":"https:\/\/www.turismocaravaca.com\/blog\/wp-json\/wp\/v2\/tags?post=8535"}],"curies":[{"name":"wp","href":"https:\/\/api.w.org\/{rel}","templated":true}]}}