{"id":8540,"date":"2020-01-02T14:24:34","date_gmt":"2020-01-02T13:24:34","guid":{"rendered":"http:\/\/www.turismocaravaca.com\/blog\/?p=8540"},"modified":"2020-01-02T14:27:53","modified_gmt":"2020-01-02T13:27:53","slug":"origen-del-belen","status":"publish","type":"post","link":"https:\/\/www.turismocaravaca.com\/blog\/origen-del-belen\/","title":{"rendered":"Origen del Bel\u00e9n"},"content":{"rendered":"\n<p>Pocas tradiciones m\u00e1s navide\u00f1as\nque el Bel\u00e9n, tambi\u00e9n llamado \u201cPesebre, Nacimiento y Portal de Bel\u00e9n\u201d. &nbsp;Ya sab\u00e9is que hasta el d\u00eda 5 de enero pod\u00e9is\nvisitar el bel\u00e9n municipal en la antigua iglesia de la Compa\u00f1\u00eda de Jes\u00fas.<\/p>\n\n\n\n<div class=\"wp-block-image\"><figure class=\"aligncenter size-large\"><img loading=\"lazy\" decoding=\"async\" width=\"1024\" height=\"542\" src=\"https:\/\/www.turismocaravaca.com\/blog\/wp-content\/uploads\/2020\/01\/Bel\u00e9n-Municipal-2-1024x542.jpg\" alt=\"\" class=\"wp-image-8545\" srcset=\"https:\/\/www.turismocaravaca.com\/blog\/wp-content\/uploads\/2020\/01\/Bel\u00e9n-Municipal-2-1024x542.jpg 1024w, https:\/\/www.turismocaravaca.com\/blog\/wp-content\/uploads\/2020\/01\/Bel\u00e9n-Municipal-2-300x159.jpg 300w, https:\/\/www.turismocaravaca.com\/blog\/wp-content\/uploads\/2020\/01\/Bel\u00e9n-Municipal-2-768x407.jpg 768w, https:\/\/www.turismocaravaca.com\/blog\/wp-content\/uploads\/2020\/01\/Bel\u00e9n-Municipal-2-1536x813.jpg 1536w, https:\/\/www.turismocaravaca.com\/blog\/wp-content\/uploads\/2020\/01\/Bel\u00e9n-Municipal-2-2048x1084.jpg 2048w\" sizes=\"(max-width: 1024px) 100vw, 1024px\" \/><\/figure><\/div>\n\n\n\n<p>En esta ocasi\u00f3n vamos a dedicar el blog de turismo de hoy a esta entra\u00f1able tradici\u00f3n y a conocer un poco m\u00e1s de su origen y difusi\u00f3n.<\/p>\n\n\n\n<div class=\"wp-block-image\"><figure class=\"aligncenter size-large\"><img loading=\"lazy\" decoding=\"async\" width=\"960\" height=\"720\" src=\"https:\/\/www.turismocaravaca.com\/blog\/wp-content\/uploads\/2020\/01\/79031995_2853709624686507_3260873174102835200_n.jpg\" alt=\"\" class=\"wp-image-8546\" srcset=\"https:\/\/www.turismocaravaca.com\/blog\/wp-content\/uploads\/2020\/01\/79031995_2853709624686507_3260873174102835200_n.jpg 960w, https:\/\/www.turismocaravaca.com\/blog\/wp-content\/uploads\/2020\/01\/79031995_2853709624686507_3260873174102835200_n-300x225.jpg 300w, https:\/\/www.turismocaravaca.com\/blog\/wp-content\/uploads\/2020\/01\/79031995_2853709624686507_3260873174102835200_n-768x576.jpg 768w\" sizes=\"(max-width: 960px) 100vw, 960px\" \/><\/figure><\/div>\n\n\n\n<p>En la Navidad de 1223, Francisco\nde As\u00eds, religioso y fundador de la Orden Franciscana, pasaba por serias\ndificultades de supervivencia junto a sus religiosos. El se\u00f1or feudal de\nGreccio (Italia) conoc\u00eda esta situaci\u00f3n y los invit\u00f3 a celebrar la Navidad en\nsus tierras.<\/p>\n\n\n\n<div class=\"wp-block-image\"><figure class=\"aligncenter size-large\"><img loading=\"lazy\" decoding=\"async\" width=\"700\" height=\"316\" src=\"https:\/\/www.turismocaravaca.com\/blog\/wp-content\/uploads\/2020\/01\/Nacimiento_napolitano.jpg\" alt=\"\" class=\"wp-image-8547\" srcset=\"https:\/\/www.turismocaravaca.com\/blog\/wp-content\/uploads\/2020\/01\/Nacimiento_napolitano.jpg 700w, https:\/\/www.turismocaravaca.com\/blog\/wp-content\/uploads\/2020\/01\/Nacimiento_napolitano-300x135.jpg 300w\" sizes=\"(max-width: 700px) 100vw, 700px\" \/><figcaption>Nacimiento napolitano<\/figcaption><\/figure><\/div>\n\n\n\n<p>Francisco de As\u00eds, para conmemorar el nacimiento de Jesucristo, decidi\u00f3 reproducir la escena b\u00edblica con figuras en una cueva cercana a la ermita de Greccio incluyendo el buey y la mula. El escenario era sencillo y de pobreza, a semejanza \u2013seg\u00fan ellos cre\u00edan- del lugar en el que Jesucristo vino al mundo. Como si de un aut\u00e9ntico nacimiento se tratase, comenz\u00f3 a llegar gente cantando temas religiosos y se concentraron en el lugar. Este Bel\u00e9n es considerado el primero de la historia.<\/p>\n\n\n\n<div class=\"wp-block-image\"><figure class=\"aligncenter size-large\"><img loading=\"lazy\" decoding=\"async\" width=\"292\" height=\"389\" src=\"https:\/\/www.turismocaravaca.com\/blog\/wp-content\/uploads\/2020\/01\/San-Francisco-de-Asis-azulejo-del-siglo-XIX.jpg\" alt=\"\" class=\"wp-image-8543\" srcset=\"https:\/\/www.turismocaravaca.com\/blog\/wp-content\/uploads\/2020\/01\/San-Francisco-de-Asis-azulejo-del-siglo-XIX.jpg 292w, https:\/\/www.turismocaravaca.com\/blog\/wp-content\/uploads\/2020\/01\/San-Francisco-de-Asis-azulejo-del-siglo-XIX-225x300.jpg 225w\" sizes=\"(max-width: 292px) 100vw, 292px\" \/><figcaption>San-Francisco-de-Asis &#8211; azulejo del siglo XIX<\/figcaption><\/figure><\/div>\n\n\n\n<p>Esta reproducci\u00f3n del nacimiento\nde Jesucristo se difundi\u00f3 por los conventos franciscanos de Italia.<\/p>\n\n\n\n<p><strong>El Bel\u00e9n en Espa\u00f1a<\/strong><\/p>\n\n\n\n<p>A finales del siglo XV ya hab\u00eda talleres en la pen\u00ednsula ib\u00e9rica en los que se produc\u00edan figuras. Documentado en el siglo XVI es el \u201cBel\u00e9n de Jes\u00fas\u201d, de Palma de Mallorca, con sus figuras labradas hacia 1480, considerado el m\u00e1s antiguo de Espa\u00f1a. Pero no fue hasta la llegada al trono de Espa\u00f1a de Carlos VII de N\u00e1poles \u2013Carlos III de Espa\u00f1a (1759-1788)- en 1759, cuando alcanza su auge y esplendor, al promover la difusi\u00f3n de los belenes \u2013tan habituales en la Italia en la que hab\u00eda estado- entre sus s\u00fabditos. Mar\u00eda Amalia de Sajonia, su esposa, tuvo tambi\u00e9n mucho que ver en la popularizaci\u00f3n del Bel\u00e9n en el reino al instalar un nacimiento en el Palacio del Buen Retiro de Madrid, motivo por el que ser\u00eda conocida con el sobrenombre de \u201cla reina del Bel\u00e9n\u201d. Adquirida la costumbre durante su reinado en Italia, Carlos III orden\u00f3 instalar un bel\u00e9n en el palacio, conoci\u00e9ndose dicho bel\u00e9n como el \u201cBel\u00e9n del Pr\u00edncipe\u201d \u2013ya que fue instalado para su hijo -el futuro Carlos IV- cuando a\u00fan era ni\u00f1o. Al escultor valenciano Jos\u00e9 Esteve Bonet le encarg\u00f3 la creaci\u00f3n de unas figuras que completasen las que \u00e9l ya tra\u00eda de N\u00e1poles.<\/p>\n\n\n\n<div class=\"wp-block-image\"><figure class=\"aligncenter size-large\"><img loading=\"lazy\" decoding=\"async\" width=\"351\" height=\"600\" src=\"https:\/\/www.turismocaravaca.com\/blog\/wp-content\/uploads\/2020\/01\/Carlos-III-de-Espa\u00f1a-por-Goya.jpg\" alt=\"\" class=\"wp-image-8544\" srcset=\"https:\/\/www.turismocaravaca.com\/blog\/wp-content\/uploads\/2020\/01\/Carlos-III-de-Espa\u00f1a-por-Goya.jpg 351w, https:\/\/www.turismocaravaca.com\/blog\/wp-content\/uploads\/2020\/01\/Carlos-III-de-Espa\u00f1a-por-Goya-176x300.jpg 176w\" sizes=\"(max-width: 351px) 100vw, 351px\" \/><figcaption>Carlos-III-de-Espa\u00f1a-por-Goya<\/figcaption><\/figure><\/div>\n\n\n\n<p>Los nobles, siempre queriendo emular al rey, tomaron esta costumbre convirti\u00e9ndola en moda que pas\u00f3 luego a la burgues\u00eda, y, finalmente, gracias a que las figuras se pusieron al alcance econ\u00f3mico de muchos bolsillos, al pueblo llano.<\/p>\n\n\n\n<p>Autores como Mart\u00ednez Monta\u00f1\u00e9s en\nel siglo XVI, Luisa Rold\u00e1n \u00abLa Roldana\u00bb en el siglo XVII,\ncontribuyeron con sus esculturas al auge que posteriormente tomar\u00eda la\ninstalaci\u00f3n de belenes. Como an\u00e9cdota de este siglo XVII, basta observar lo que\nen el inventario de bienes de Lope de Vega, constan las figuras de un bel\u00e9n que\nse pon\u00eda en su casa.\n\nDestacar tambi\u00e9n al imaginero murciano Francisco\nSalzillo (siglo XVIII) por sus aportaciones al belenismo en Espa\u00f1a. Un\nmonumental bel\u00e9n encargado por el Marqu\u00e9s de Riquelme que se conserva casi\ncompleto en el Museo Salzillo de Murcia.<br><br><\/p>\n\n\n\n<p>Los impulsores y artesanos m\u00e1s\nimportantes de la historia del belenismo en Espa\u00f1a, desde el origen del bel\u00e9n\nhasta nuestros d\u00edas, son, entre otros: Fray Eugenio de Torices, La Roldana,\nCarlos III, Francisco Salzillo , la escuela murciana, la escuela de Olot, la escuela\ngranadina y la jerezana. Desde los primeros belenes espa\u00f1oles, la ejecuci\u00f3n\nmaterial de las figurillas tiene una tendencia especial, \u00abla\npolicrom\u00eda\u00bb sobre madera o barro, emple\u00e1ndose lienzo en algunas de ellas\ncomo en la escuela murciana.<\/p>\n\n\n\n<p>&nbsp;Actualmente existen muy buenos imagineros en Espa\u00f1a, como Jos\u00e9 Lu\u00eds Mayo Lebrija, Mart\u00edn Castells y Mart\u00ed; los murcianos Jos\u00e9 Nicol\u00e1s Almansa, los hermanos Gri\u00f1\u00e1n, Serrano, Guill\u00e9n, Gal\u00e1n, Amo, Decorate y otros; en Granada tenemos a Jos\u00e9 Miranda y Jes\u00fas Jim\u00e9nez continuador de la escuela barroca granadina de su abuelo Rada, y Jerez con Pedro Ram\u00edrez Pazos, un maestro cada vez m\u00e1s destacado en la realizaci\u00f3n de esculturas para el Bel\u00e9n.<\/p>\n\n\n\n<p><\/p>\n\n\n\n<p>Fuentes:<\/p>\n\n\n\n<p>Concha Masia (2017). <em>An\u00e9cdotas de la Historia.<\/em><\/p>\n\n\n\n<p>Jos\u00e9 Mar\u00eda Reb\u00e9 Landa (2001). <em>Belenes, experiencias de un belenista.<\/em><\/p>\n\n\n\n<p>Donald Poto (2004). <em>Francisco de As\u00eds, el santo que quiso ser\nhombre.<\/em><\/p>\n\n\n\n<p>alcaiceria.com<\/p>\n\n\n\n<p>blogs.20minutos.es<\/p>\n\n\n\n<p><\/p>\n","protected":false},"excerpt":{"rendered":"<p>Pocas tradiciones m\u00e1s navide\u00f1as que el Bel\u00e9n, tambi\u00e9n llamado \u201cPesebre, Nacimiento y Portal de Bel\u00e9n\u201d. &nbsp;Ya sab\u00e9is que hasta el d\u00eda 5 de enero pod\u00e9is visitar el bel\u00e9n municipal en la antigua iglesia de la Compa\u00f1\u00eda de Jes\u00fas. En esta ocasi\u00f3n vamos a dedicar el blog de turismo de hoy a esta entra\u00f1able tradici\u00f3n y [&hellip;]<\/p>\n","protected":false},"author":2,"featured_media":8547,"comment_status":"open","ping_status":"open","sticky":false,"template":"","format":"standard","meta":{"footnotes":""},"categories":[3,4,5,13,2126,16],"tags":[],"class_list":["post-8540","post","type-post","status-publish","format-standard","has-post-thumbnail","hentry","category-actividades","category-arte","category-artesania","category-escultura-2","category-espanol","category-exposiones"],"_links":{"self":[{"href":"https:\/\/www.turismocaravaca.com\/blog\/wp-json\/wp\/v2\/posts\/8540"}],"collection":[{"href":"https:\/\/www.turismocaravaca.com\/blog\/wp-json\/wp\/v2\/posts"}],"about":[{"href":"https:\/\/www.turismocaravaca.com\/blog\/wp-json\/wp\/v2\/types\/post"}],"author":[{"embeddable":true,"href":"https:\/\/www.turismocaravaca.com\/blog\/wp-json\/wp\/v2\/users\/2"}],"replies":[{"embeddable":true,"href":"https:\/\/www.turismocaravaca.com\/blog\/wp-json\/wp\/v2\/comments?post=8540"}],"version-history":[{"count":1,"href":"https:\/\/www.turismocaravaca.com\/blog\/wp-json\/wp\/v2\/posts\/8540\/revisions"}],"predecessor-version":[{"id":8548,"href":"https:\/\/www.turismocaravaca.com\/blog\/wp-json\/wp\/v2\/posts\/8540\/revisions\/8548"}],"wp:featuredmedia":[{"embeddable":true,"href":"https:\/\/www.turismocaravaca.com\/blog\/wp-json\/wp\/v2\/media\/8547"}],"wp:attachment":[{"href":"https:\/\/www.turismocaravaca.com\/blog\/wp-json\/wp\/v2\/media?parent=8540"}],"wp:term":[{"taxonomy":"category","embeddable":true,"href":"https:\/\/www.turismocaravaca.com\/blog\/wp-json\/wp\/v2\/categories?post=8540"},{"taxonomy":"post_tag","embeddable":true,"href":"https:\/\/www.turismocaravaca.com\/blog\/wp-json\/wp\/v2\/tags?post=8540"}],"curies":[{"name":"wp","href":"https:\/\/api.w.org\/{rel}","templated":true}]}}