{"id":8557,"date":"2020-01-09T10:53:26","date_gmt":"2020-01-09T09:53:26","guid":{"rendered":"http:\/\/www.turismocaravaca.com\/blog\/?p=8557"},"modified":"2020-01-09T10:53:26","modified_gmt":"2020-01-09T09:53:26","slug":"i-ciclo-de-cine-y-autismo-te-amo","status":"publish","type":"post","link":"https:\/\/www.turismocaravaca.com\/blog\/i-ciclo-de-cine-y-autismo-te-amo\/","title":{"rendered":"I Ciclo de cine y autismo &#8216;Te Amo&#8217;"},"content":{"rendered":"\n<figure class=\"wp-block-image size-large\"><img loading=\"lazy\" decoding=\"async\" width=\"724\" height=\"1024\" src=\"https:\/\/www.turismocaravaca.com\/blog\/wp-content\/uploads\/2020\/01\/cartel-cine-TEAYUDA-724x1024.jpg\" alt=\"\" class=\"wp-image-8558\" srcset=\"https:\/\/www.turismocaravaca.com\/blog\/wp-content\/uploads\/2020\/01\/cartel-cine-TEAYUDA-724x1024.jpg 724w, https:\/\/www.turismocaravaca.com\/blog\/wp-content\/uploads\/2020\/01\/cartel-cine-TEAYUDA-212x300.jpg 212w, https:\/\/www.turismocaravaca.com\/blog\/wp-content\/uploads\/2020\/01\/cartel-cine-TEAYUDA-768x1087.jpg 768w, https:\/\/www.turismocaravaca.com\/blog\/wp-content\/uploads\/2020\/01\/cartel-cine-TEAYUDA-1085x1536.jpg 1085w, https:\/\/www.turismocaravaca.com\/blog\/wp-content\/uploads\/2020\/01\/cartel-cine-TEAYUDA.jpg 1447w\" sizes=\"(max-width: 724px) 100vw, 724px\" \/><\/figure>\n\n\n\n<p>La  Asociaci\u00f3n Teayuda Noroeste Murcia, organiza el ciclo de cine  que lleva por t\u00edtulo \u201cTe Amo\u201d, con  relaci\u00f3n al mundo del Trastorno del Espectro Autista. Colaboran los  Ayuntamientos de Caravaca de la Cruz y Ceheg\u00edn, la FAUM (Federaci\u00f3n de Autismo  Murcia) y el CERMI (Comit\u00e9 Espa\u00f1ol de Representantes de Personas con  Discapacidad).<\/p>\n\n\n\n<p> Teayuda es \nuna asociaci\u00f3n de padres y madres de familias del noroeste murciano con \nfamiliares afectados por dicho Trastorno. Este ciclo de cine, dentro de \notras muchas actividades que la Asociaci\u00f3n realiza a lo largo del a\u00f1o en\n la comarca del Noroeste, tiene por objeto la divulgaci\u00f3n de la \nproblem\u00e1tica del TEA entre la poblaci\u00f3n en general, como una forma de \nacercamiento y normalizaci\u00f3n de las caracter\u00edsticas del trastorno y su \nconocimiento por la sociedad.<\/p>\n\n\n\n<p> Las pel\u00edculas, todas muy conocidas,  ser\u00e1n proyectadas en Caravaca los d\u00edas  10 y  24 de enero (teatro Thuillier),  y en Ceheg\u00edn el 17 y 31 de enero,  en el Centro  Cultural Adolfo Su\u00e1rez (Casa de la Cultura) . Todas en horario de 19:00 horas. La  entrada ser\u00e1 gratuita. <\/p>\n\n\n\n<p> Popularmente conocido en su abreviatura \ncomo TEA, el Trastorno del Espectro Autista, antes denominado Trastorno \nGeneralizado del Desarrollo, engloba a toda una serie de trastornos que \ncomparten unas caracter\u00edsticas comunes entre los afectados, \nfundamentalmente los problemas de relaci\u00f3n social y de falta de \ninteracci\u00f3n en la comunicaci\u00f3n personal. Por lo tanto el TEA es un \nconglomerado donde tienen cabida muchas realidades personales y \nfamiliares diferentes englobadas todas bajo un denominador com\u00fan. Es por\n ello tan importante el que profesionales y especialistas en la materia \ntrabajen con ellos desde que se produce el diagn\u00f3stico, junto a la labor\n diaria de las familias, para buscar una evoluci\u00f3n positiva que conduzca\n a una mejor calidad de vida de los ni\u00f1os y ni\u00f1as en la vida personal, \nfamiliar, y social.<\/p>\n","protected":false},"excerpt":{"rendered":"<p>La Asociaci\u00f3n Teayuda Noroeste Murcia, organiza el ciclo de cine que lleva por t\u00edtulo \u201cTe Amo\u201d, con relaci\u00f3n al mundo del Trastorno del Espectro Autista. Colaboran los Ayuntamientos de Caravaca de la Cruz y Ceheg\u00edn, la FAUM (Federaci\u00f3n de Autismo Murcia) y el CERMI (Comit\u00e9 Espa\u00f1ol de Representantes de Personas con Discapacidad). Teayuda es una [&hellip;]<\/p>\n","protected":false},"author":2,"featured_media":0,"comment_status":"open","ping_status":"open","sticky":false,"template":"","format":"standard","meta":{"footnotes":""},"categories":[3,2114,2126,14,1],"tags":[2612,2611,2613],"class_list":["post-8557","post","type-post","status-publish","format-standard","hentry","category-actividades","category-cine","category-espanol","category-eventos","category-sin-categoria","tag-asociacion-teayuda","tag-autismo","tag-ciclo-de-cine-y-autismo-te-amo"],"_links":{"self":[{"href":"https:\/\/www.turismocaravaca.com\/blog\/wp-json\/wp\/v2\/posts\/8557"}],"collection":[{"href":"https:\/\/www.turismocaravaca.com\/blog\/wp-json\/wp\/v2\/posts"}],"about":[{"href":"https:\/\/www.turismocaravaca.com\/blog\/wp-json\/wp\/v2\/types\/post"}],"author":[{"embeddable":true,"href":"https:\/\/www.turismocaravaca.com\/blog\/wp-json\/wp\/v2\/users\/2"}],"replies":[{"embeddable":true,"href":"https:\/\/www.turismocaravaca.com\/blog\/wp-json\/wp\/v2\/comments?post=8557"}],"version-history":[{"count":1,"href":"https:\/\/www.turismocaravaca.com\/blog\/wp-json\/wp\/v2\/posts\/8557\/revisions"}],"predecessor-version":[{"id":8559,"href":"https:\/\/www.turismocaravaca.com\/blog\/wp-json\/wp\/v2\/posts\/8557\/revisions\/8559"}],"wp:attachment":[{"href":"https:\/\/www.turismocaravaca.com\/blog\/wp-json\/wp\/v2\/media?parent=8557"}],"wp:term":[{"taxonomy":"category","embeddable":true,"href":"https:\/\/www.turismocaravaca.com\/blog\/wp-json\/wp\/v2\/categories?post=8557"},{"taxonomy":"post_tag","embeddable":true,"href":"https:\/\/www.turismocaravaca.com\/blog\/wp-json\/wp\/v2\/tags?post=8557"}],"curies":[{"name":"wp","href":"https:\/\/api.w.org\/{rel}","templated":true}]}}