{"id":8560,"date":"2020-01-14T12:18:00","date_gmt":"2020-01-14T11:18:00","guid":{"rendered":"http:\/\/www.turismocaravaca.com\/blog\/?p=8560"},"modified":"2020-01-14T12:18:00","modified_gmt":"2020-01-14T11:18:00","slug":"un-paseo-por-caravaca-de-la-cruz","status":"publish","type":"post","link":"https:\/\/www.turismocaravaca.com\/blog\/un-paseo-por-caravaca-de-la-cruz\/","title":{"rendered":"Un paseo por Caravaca de la Cruz"},"content":{"rendered":"\n<p>En esta ocasi\u00f3n vamos a dedicar nuestro blog de turismo a la visita guiada que realiza la oficina de turismo.<\/p>\n\n\n\n<figure class=\"wp-block-image size-large\"><img loading=\"lazy\" decoding=\"async\" width=\"831\" height=\"1024\" src=\"https:\/\/www.turismocaravaca.com\/blog\/wp-content\/uploads\/2020\/01\/VISITAS-VVG-ENERO-831x1024.jpg\" alt=\"\" class=\"wp-image-8561\" srcset=\"https:\/\/www.turismocaravaca.com\/blog\/wp-content\/uploads\/2020\/01\/VISITAS-VVG-ENERO-831x1024.jpg 831w, https:\/\/www.turismocaravaca.com\/blog\/wp-content\/uploads\/2020\/01\/VISITAS-VVG-ENERO-244x300.jpg 244w, https:\/\/www.turismocaravaca.com\/blog\/wp-content\/uploads\/2020\/01\/VISITAS-VVG-ENERO-768x946.jpg 768w, https:\/\/www.turismocaravaca.com\/blog\/wp-content\/uploads\/2020\/01\/VISITAS-VVG-ENERO-1247x1536.jpg 1247w, https:\/\/www.turismocaravaca.com\/blog\/wp-content\/uploads\/2020\/01\/VISITAS-VVG-ENERO.jpg 1585w\" sizes=\"(max-width: 831px) 100vw, 831px\" \/><\/figure>\n\n\n\n<p>Dicha visita se realiza\nmensualmente, concretamente los terceros domingos de cada mes \u2013haci\u00e9ndola coincidir\ncon otro evento importante que tambi\u00e9n tiene lugar habitualmente en el mismo\nd\u00eda, el Mercado del Peregrino- y no tiene coste alguno, es decir, el pr\u00f3ximo\ndomingo 19 de enero. La visita la realiza una gu\u00eda oficial de turismo y de la\nmano de sus amenas e instructivas explicaciones se ir\u00e1 conociendo el rico\npatrimonio monumental de la ciudad de la Cruz. <\/p>\n\n\n\n<p>La salida ser\u00e1 a las 11.00 horas desde la bas\u00edlica de la Stma. y Vera Cruz y tendr\u00e1 una duraci\u00f3n aproximada de hora y media. Es recomendable llevar calzado c\u00f3modo, ropa de abrigo y paraguas, ya que la previsi\u00f3n para ese d\u00eda, seg\u00fan AEMET, es una m\u00e1xima de 9 \u00baC y probabilidad de precipitaci\u00f3n del 75%.<\/p>\n\n\n\n<p>La visita se inicia\u00a0 en la Bas\u00edlica-Santuario de la Stma. y Vera Cruz para, tras mostrarles el bello lugar que alberga la Sagrada Reliquia, ofrecerles un interesante recorrido por las calles de la ciudad de Caravaca, en la que nos dar\u00e1 a conocer la historia de algunas de las importantes fundaciones eclesi\u00e1sticas que aqu\u00ed se asentaron y mostrarnos bellos palacetes que a nuestro paso iremos encontrando y que fueron ocupados por la nobleza de la \u00e9poca, adentr\u00e1ndonos en el interior de uno de ellos para dar por finalizada la visita.<\/p>\n\n\n\n<div class=\"wp-block-image\"><figure class=\"aligncenter size-large\"><img loading=\"lazy\" decoding=\"async\" width=\"683\" height=\"1024\" src=\"https:\/\/www.turismocaravaca.com\/blog\/wp-content\/uploads\/2020\/01\/DSF6926.jpg\" alt=\"\" class=\"wp-image-8562\" srcset=\"https:\/\/www.turismocaravaca.com\/blog\/wp-content\/uploads\/2020\/01\/DSF6926.jpg 683w, https:\/\/www.turismocaravaca.com\/blog\/wp-content\/uploads\/2020\/01\/DSF6926-200x300.jpg 200w\" sizes=\"(max-width: 683px) 100vw, 683px\" \/><\/figure><\/div>\n\n\n\n<p>Por si est\u00e1n\ninteresados en realizarla, les dejamos aqu\u00ed el link para su reserva:<\/p>\n\n\n\n<p><a href=\"https:\/\/www.murciaturistica.es\/es\/visitas_guiadas_gratuitas\/?vg_texto_libre=&amp;vg_fecha=&amp;vg_localidad=\">https:\/\/www.murciaturistica.es\/es\/visitas_guiadas_gratuitas\/?vg_texto_libre=&amp;vg_fecha=&amp;vg_localidad=<\/a><\/p>\n\n\n\n<p><\/p>\n","protected":false},"excerpt":{"rendered":"<p>En esta ocasi\u00f3n vamos a dedicar nuestro blog de turismo a la visita guiada que realiza la oficina de turismo. Dicha visita se realiza mensualmente, concretamente los terceros domingos de cada mes \u2013haci\u00e9ndola coincidir con otro evento importante que tambi\u00e9n tiene lugar habitualmente en el mismo d\u00eda, el Mercado del Peregrino- y no tiene coste [&hellip;]<\/p>\n","protected":false},"author":2,"featured_media":8562,"comment_status":"open","ping_status":"open","sticky":false,"template":"","format":"standard","meta":{"footnotes":""},"categories":[2126,24],"tags":[],"class_list":["post-8560","post","type-post","status-publish","format-standard","has-post-thumbnail","hentry","category-espanol","category-monumentos-2"],"_links":{"self":[{"href":"https:\/\/www.turismocaravaca.com\/blog\/wp-json\/wp\/v2\/posts\/8560"}],"collection":[{"href":"https:\/\/www.turismocaravaca.com\/blog\/wp-json\/wp\/v2\/posts"}],"about":[{"href":"https:\/\/www.turismocaravaca.com\/blog\/wp-json\/wp\/v2\/types\/post"}],"author":[{"embeddable":true,"href":"https:\/\/www.turismocaravaca.com\/blog\/wp-json\/wp\/v2\/users\/2"}],"replies":[{"embeddable":true,"href":"https:\/\/www.turismocaravaca.com\/blog\/wp-json\/wp\/v2\/comments?post=8560"}],"version-history":[{"count":1,"href":"https:\/\/www.turismocaravaca.com\/blog\/wp-json\/wp\/v2\/posts\/8560\/revisions"}],"predecessor-version":[{"id":8563,"href":"https:\/\/www.turismocaravaca.com\/blog\/wp-json\/wp\/v2\/posts\/8560\/revisions\/8563"}],"wp:featuredmedia":[{"embeddable":true,"href":"https:\/\/www.turismocaravaca.com\/blog\/wp-json\/wp\/v2\/media\/8562"}],"wp:attachment":[{"href":"https:\/\/www.turismocaravaca.com\/blog\/wp-json\/wp\/v2\/media?parent=8560"}],"wp:term":[{"taxonomy":"category","embeddable":true,"href":"https:\/\/www.turismocaravaca.com\/blog\/wp-json\/wp\/v2\/categories?post=8560"},{"taxonomy":"post_tag","embeddable":true,"href":"https:\/\/www.turismocaravaca.com\/blog\/wp-json\/wp\/v2\/tags?post=8560"}],"curies":[{"name":"wp","href":"https:\/\/api.w.org\/{rel}","templated":true}]}}