{"id":8604,"date":"2020-02-10T13:24:23","date_gmt":"2020-02-10T12:24:23","guid":{"rendered":"http:\/\/www.turismocaravaca.com\/blog\/?p=8604"},"modified":"2020-02-11T10:08:19","modified_gmt":"2020-02-11T09:08:19","slug":"__trashed","status":"publish","type":"post","link":"https:\/\/www.turismocaravaca.com\/blog\/__trashed\/","title":{"rendered":"\u2018Jadoc\u2019, arte abstracto en la Compa\u00f1\u00eda de Jes\u00fas"},"content":{"rendered":"\n<p>En esta ocasi\u00f3n vamos a dedicar nuestro blog de turismo a JADOC, una exposici\u00f3n de arte abstracto que tiene lugar en el centro cultural Antigua Iglesia de la Compa\u00f1\u00eda de Jes\u00fas hasta el pr\u00f3ximi viernes 14 de febrero.<\/p>\n\n\n\n<div class=\"wp-block-image\"><figure class=\"aligncenter size-large\"><img loading=\"lazy\" decoding=\"async\" width=\"564\" height=\"1024\" src=\"https:\/\/www.turismocaravaca.com\/blog\/wp-content\/uploads\/2020\/02\/20-01-a-14-02.-cartel-Jadoc-564x1024.jpg\" alt=\"\" class=\"wp-image-8605\" srcset=\"https:\/\/www.turismocaravaca.com\/blog\/wp-content\/uploads\/2020\/02\/20-01-a-14-02.-cartel-Jadoc-564x1024.jpg 564w, https:\/\/www.turismocaravaca.com\/blog\/wp-content\/uploads\/2020\/02\/20-01-a-14-02.-cartel-Jadoc-165x300.jpg 165w, https:\/\/www.turismocaravaca.com\/blog\/wp-content\/uploads\/2020\/02\/20-01-a-14-02.-cartel-Jadoc-768x1394.jpg 768w, https:\/\/www.turismocaravaca.com\/blog\/wp-content\/uploads\/2020\/02\/20-01-a-14-02.-cartel-Jadoc-846x1536.jpg 846w, https:\/\/www.turismocaravaca.com\/blog\/wp-content\/uploads\/2020\/02\/20-01-a-14-02.-cartel-Jadoc-1129x2048.jpg 1129w, https:\/\/www.turismocaravaca.com\/blog\/wp-content\/uploads\/2020\/02\/20-01-a-14-02.-cartel-Jadoc-scaled.jpg 1411w\" sizes=\"(max-width: 564px) 100vw, 564px\" \/><\/figure><\/div>\n\n\n\n<p> Las obras pict\u00f3ricas del artista catal\u00e1n afincado en             Calasparra Joan Llort Ruiz protagonizan la exposici\u00f3n             que la Concejal\u00eda de Cultura del Ayuntamiento de Caravaca de  la Cruz ha abierto en la sala de la Antigua Compa\u00f1\u00eda de   Jes\u00fas. Permanecer\u00e1 abierta al p\u00fablico de 17.30 a 20.30   horas, hasta el 14 de febrero. \u201cLa Compa\u00f1\u00eda de Jes\u00fas -una de  las mejores salas expositivas de la Regi\u00f3n situada en el  coraz\u00f3n de la Calle Mayor- es un espacio abierto al arte en sus m\u00e1s diversas expresiones, con una programaci\u00f3n  continuada que abarca casi todo el a\u00f1o\u201d, se\u00f1al\u00f3 durante la inauguraci\u00f3n el concejal de Cultura, Juan Manuel de Le\u00f3n.  <\/p>\n\n\n\n<div class=\"wp-block-image\"><figure class=\"aligncenter size-large\"><img loading=\"lazy\" decoding=\"async\" width=\"1024\" height=\"683\" src=\"https:\/\/www.turismocaravaca.com\/blog\/wp-content\/uploads\/2020\/02\/ExposicionJadoc01-1024x683.jpg\" alt=\"\" class=\"wp-image-8606\" srcset=\"https:\/\/www.turismocaravaca.com\/blog\/wp-content\/uploads\/2020\/02\/ExposicionJadoc01-1024x683.jpg 1024w, https:\/\/www.turismocaravaca.com\/blog\/wp-content\/uploads\/2020\/02\/ExposicionJadoc01-300x200.jpg 300w, https:\/\/www.turismocaravaca.com\/blog\/wp-content\/uploads\/2020\/02\/ExposicionJadoc01-768x512.jpg 768w, https:\/\/www.turismocaravaca.com\/blog\/wp-content\/uploads\/2020\/02\/ExposicionJadoc01-1536x1024.jpg 1536w, https:\/\/www.turismocaravaca.com\/blog\/wp-content\/uploads\/2020\/02\/ExposicionJadoc01-2048x1365.jpg 2048w\" sizes=\"(max-width: 1024px) 100vw, 1024px\" \/><figcaption>Joan Llort Ruiz Juan Manuel de Le\u00f3n<\/figcaption><\/figure><\/div>\n\n\n\n<p> \u2018Jadoc\u2019 es el t\u00edtulo de la muestra, para la que el artista ha             seleccionado obras de anteriores etapas y tambi\u00e9n sus             creaciones m\u00e1s recientes, basadas en el uso del color y el             arte abstracto. \u201cEl espectador debe buscar sus propias             respuestas; lo importante es dejarse llevar, introducirse en  cada una de las pinturas y bucear por un espacio-tiempo  desconocido\u201d, destaca el artista.  <\/p>\n\n\n\n<p>Fuentes:<\/p>\n\n\n\n<p>Ayto. Caravaca de la Cruz<\/p>\n","protected":false},"excerpt":{"rendered":"<p>En esta ocasi\u00f3n vamos a dedicar nuestro blog de turismo a JADOC, una exposici\u00f3n de arte abstracto que tiene lugar en el centro cultural Antigua Iglesia de la Compa\u00f1\u00eda de Jes\u00fas hasta el pr\u00f3ximi viernes 14 de febrero. Las obras pict\u00f3ricas del artista catal\u00e1n afincado en Calasparra Joan Llort Ruiz protagonizan la exposici\u00f3n que la [&hellip;]<\/p>\n","protected":false},"author":2,"featured_media":8605,"comment_status":"open","ping_status":"open","sticky":false,"template":"","format":"standard","meta":{"footnotes":""},"categories":[4,2126,16],"tags":[],"class_list":["post-8604","post","type-post","status-publish","format-standard","has-post-thumbnail","hentry","category-arte","category-espanol","category-exposiones"],"_links":{"self":[{"href":"https:\/\/www.turismocaravaca.com\/blog\/wp-json\/wp\/v2\/posts\/8604"}],"collection":[{"href":"https:\/\/www.turismocaravaca.com\/blog\/wp-json\/wp\/v2\/posts"}],"about":[{"href":"https:\/\/www.turismocaravaca.com\/blog\/wp-json\/wp\/v2\/types\/post"}],"author":[{"embeddable":true,"href":"https:\/\/www.turismocaravaca.com\/blog\/wp-json\/wp\/v2\/users\/2"}],"replies":[{"embeddable":true,"href":"https:\/\/www.turismocaravaca.com\/blog\/wp-json\/wp\/v2\/comments?post=8604"}],"version-history":[{"count":1,"href":"https:\/\/www.turismocaravaca.com\/blog\/wp-json\/wp\/v2\/posts\/8604\/revisions"}],"predecessor-version":[{"id":8607,"href":"https:\/\/www.turismocaravaca.com\/blog\/wp-json\/wp\/v2\/posts\/8604\/revisions\/8607"}],"wp:featuredmedia":[{"embeddable":true,"href":"https:\/\/www.turismocaravaca.com\/blog\/wp-json\/wp\/v2\/media\/8605"}],"wp:attachment":[{"href":"https:\/\/www.turismocaravaca.com\/blog\/wp-json\/wp\/v2\/media?parent=8604"}],"wp:term":[{"taxonomy":"category","embeddable":true,"href":"https:\/\/www.turismocaravaca.com\/blog\/wp-json\/wp\/v2\/categories?post=8604"},{"taxonomy":"post_tag","embeddable":true,"href":"https:\/\/www.turismocaravaca.com\/blog\/wp-json\/wp\/v2\/tags?post=8604"}],"curies":[{"name":"wp","href":"https:\/\/api.w.org\/{rel}","templated":true}]}}