{"id":8608,"date":"2020-02-13T17:19:03","date_gmt":"2020-02-13T16:19:03","guid":{"rendered":"http:\/\/www.turismocaravaca.com\/blog\/?p=8608"},"modified":"2020-02-13T17:19:03","modified_gmt":"2020-02-13T16:19:03","slug":"mercado-del-peregrino-el-circo","status":"publish","type":"post","link":"https:\/\/www.turismocaravaca.com\/blog\/mercado-del-peregrino-el-circo\/","title":{"rendered":"Mercado del peregrino &#8216;El circo&#8217;"},"content":{"rendered":"\n<figure class=\"wp-block-image size-large\"><img loading=\"lazy\" decoding=\"async\" width=\"756\" height=\"1024\" src=\"https:\/\/www.turismocaravaca.com\/blog\/wp-content\/uploads\/2020\/02\/16-02.-MERCADO-PEREGRINO-CIRCO.-RED-756x1024.jpg\" alt=\"\" class=\"wp-image-8609\" srcset=\"https:\/\/www.turismocaravaca.com\/blog\/wp-content\/uploads\/2020\/02\/16-02.-MERCADO-PEREGRINO-CIRCO.-RED-756x1024.jpg 756w, https:\/\/www.turismocaravaca.com\/blog\/wp-content\/uploads\/2020\/02\/16-02.-MERCADO-PEREGRINO-CIRCO.-RED-221x300.jpg 221w, https:\/\/www.turismocaravaca.com\/blog\/wp-content\/uploads\/2020\/02\/16-02.-MERCADO-PEREGRINO-CIRCO.-RED-768x1041.jpg 768w, https:\/\/www.turismocaravaca.com\/blog\/wp-content\/uploads\/2020\/02\/16-02.-MERCADO-PEREGRINO-CIRCO.-RED.jpg 937w\" sizes=\"(max-width: 756px) 100vw, 756px\" \/><\/figure>\n\n\n\n<p>Hoy vamos a dedicar\nnuestro blog de turismo al tradicional Mercado del Peregrino.<\/p>\n\n\n\n<p>Como viene siendo\ncostumbre, este pr\u00f3ximo domingo 16 de febrero, en su tradicional ubicaci\u00f3n de\nLa Corredera, entre las 10.00 y las 14.00 horas, se va a celebrar el <strong>Mercado del Peregrino<\/strong>, promovido por la\nConcejal\u00eda de Artesan\u00eda y Comercio y realizado por la Asociaci\u00f3n de Artesanos y\nCreadores Art Andante<\/p>\n\n\n\n<p>En esta ocasi\u00f3n la\ntem\u00e1tica va a ser el Circo. Por ello, adem\u00e1s de encontrar los habituales stand\nde &nbsp;<strong>artesan\u00eda, alimentaci\u00f3n y\ndecoraci\u00f3n<\/strong>, tendremos talleres de malabares para ni\u00f1os, algod\u00f3n de\naz\u00facar, espect\u00e1culo de circo, demostraciones y mucho m\u00e1s.<\/p>\n\n\n\n<p>Y como no solo de circo vive el hombre\/mujer,\nhabr\u00e1 tambi\u00e9n tapa y cerveza a 2 \u20ac<\/p>\n\n\n\n<p>\u00a1Aqu\u00ed ten\u00e9is un estupenda propuesta para pasar la\nma\u00f1ana del domingo!<\/p>\n","protected":false},"excerpt":{"rendered":"<p>Hoy vamos a dedicar nuestro blog de turismo al tradicional Mercado del Peregrino. Como viene siendo costumbre, este pr\u00f3ximo domingo 16 de febrero, en su tradicional ubicaci\u00f3n de La Corredera, entre las 10.00 y las 14.00 horas, se va a celebrar el Mercado del Peregrino, promovido por la Concejal\u00eda de Artesan\u00eda y Comercio y realizado [&hellip;]<\/p>\n","protected":false},"author":2,"featured_media":0,"comment_status":"open","ping_status":"open","sticky":false,"template":"","format":"standard","meta":{"footnotes":""},"categories":[3,2126,14],"tags":[2618],"class_list":["post-8608","post","type-post","status-publish","format-standard","hentry","category-actividades","category-espanol","category-eventos","tag-mercado-del-peregrino-el-circo"],"_links":{"self":[{"href":"https:\/\/www.turismocaravaca.com\/blog\/wp-json\/wp\/v2\/posts\/8608"}],"collection":[{"href":"https:\/\/www.turismocaravaca.com\/blog\/wp-json\/wp\/v2\/posts"}],"about":[{"href":"https:\/\/www.turismocaravaca.com\/blog\/wp-json\/wp\/v2\/types\/post"}],"author":[{"embeddable":true,"href":"https:\/\/www.turismocaravaca.com\/blog\/wp-json\/wp\/v2\/users\/2"}],"replies":[{"embeddable":true,"href":"https:\/\/www.turismocaravaca.com\/blog\/wp-json\/wp\/v2\/comments?post=8608"}],"version-history":[{"count":1,"href":"https:\/\/www.turismocaravaca.com\/blog\/wp-json\/wp\/v2\/posts\/8608\/revisions"}],"predecessor-version":[{"id":8610,"href":"https:\/\/www.turismocaravaca.com\/blog\/wp-json\/wp\/v2\/posts\/8608\/revisions\/8610"}],"wp:attachment":[{"href":"https:\/\/www.turismocaravaca.com\/blog\/wp-json\/wp\/v2\/media?parent=8608"}],"wp:term":[{"taxonomy":"category","embeddable":true,"href":"https:\/\/www.turismocaravaca.com\/blog\/wp-json\/wp\/v2\/categories?post=8608"},{"taxonomy":"post_tag","embeddable":true,"href":"https:\/\/www.turismocaravaca.com\/blog\/wp-json\/wp\/v2\/tags?post=8608"}],"curies":[{"name":"wp","href":"https:\/\/api.w.org\/{rel}","templated":true}]}}