{"id":8612,"date":"2020-02-18T11:42:22","date_gmt":"2020-02-18T10:42:22","guid":{"rendered":"http:\/\/www.turismocaravaca.com\/blog\/?p=8612"},"modified":"2020-02-18T11:42:22","modified_gmt":"2020-02-18T10:42:22","slug":"carnaval-caravaca-2020","status":"publish","type":"post","link":"https:\/\/www.turismocaravaca.com\/blog\/carnaval-caravaca-2020\/","title":{"rendered":"Carnaval Caravaca 2020"},"content":{"rendered":"\n<figure class=\"wp-block-image size-large\"><img loading=\"lazy\" decoding=\"async\" width=\"686\" height=\"960\" src=\"https:\/\/www.turismocaravaca.com\/blog\/wp-content\/uploads\/2020\/02\/Carnaval.jpg\" alt=\"\" class=\"wp-image-8613\" srcset=\"https:\/\/www.turismocaravaca.com\/blog\/wp-content\/uploads\/2020\/02\/Carnaval.jpg 686w, https:\/\/www.turismocaravaca.com\/blog\/wp-content\/uploads\/2020\/02\/Carnaval-214x300.jpg 214w\" sizes=\"(max-width: 686px) 100vw, 686px\" \/><\/figure>\n\n\n\n<p>El Carnaval de Caravaca de la Cruz, que<strong> se celebrar\u00e1 el s\u00e1bado 22 de febrero<\/strong>, contar\u00e1 con <strong>varias  novedades en el desfile, una fiesta infantil previa al desfile y otra  fiesta con actuaciones en directo y entrega de premios<\/strong> en la plaza del Arco.<\/p>\n\n\n\n<p>Los concejales de Festejos, <strong>Juan Manuel de Le\u00f3n<\/strong>, y de Juventud, <strong>Laura S\u00e1nchez<\/strong>, presentaron la programaci\u00f3n y el cartel del Carnaval, acompa\u00f1ados por el autor del mismo,<strong> Jos\u00e9 Mar\u00eda San Nicol\u00e1s<\/strong>, alumno del colegio de Educaci\u00f3n Especial ASCRUZ.<\/p>\n\n\n\n<p>San Nicol\u00e1s ha sido el ganador del concurso <strong>escolar de cartel anunciador del Carnaval de Caravaca de la Cruz<\/strong> 2020 que por primera vez se ha llevado a cabo con la participaci\u00f3n de los alumnos de 4\u00ba, 5\u00ba y 6\u00ba de Primaria de los centros educativos del municipio.<\/p>\n\n\n\n<p>El Carnaval <strong>comenzar\u00e1 con una fiesta infantil en la plaza de Paco Pim de 16.00 a 18.00 <\/strong>horas  con talleres y juegos. A las 18.30 horas dar\u00e1 comienzo el desfile, que  este a\u00f1o contar\u00e1 con la participaci\u00f3n de comparsas de AMPAS de algunos  centros educativos; las escuelas municipales de baile; varias comparsas  invitadas del Carnaval de Ceheg\u00edn; una comparsa de la Asociaci\u00f3n  &#8216;Adaptaocio&#8217; y los tres primeros premios de las carrozas de las fiestas  patronales de Barranda. \u00abEl desfile ir\u00e1 organizado por bloques para que  gane en vistosidad, orden y seguridad, alternando carrozas, comparsas,  escuelas de baile, comparsas de los colegios  y disfraces individuales, que ir\u00e1n al final\u00bb, ha explicado la concejal  de Juventud, quien ha recordado que hasta este viernes, 14 de febrero,  est\u00e1 abierto el plazo de inscripci\u00f3n en el Centro Joven para aquellos  grupos que quieran participar como comparsas en el desfile.<\/p>\n\n\n\n<p>A  la finalizaci\u00f3n del desfile, la plaza del Arco acoger\u00e1 una fiesta con  actuaciones musicales en directo y entrega de premios a diferentes  categor\u00edas.<\/p>\n\n\n\n<p>Tanto Juan Manuel de Le\u00f3n como Laura S\u00e1nchez han querido  agradecer a todos los participantes en el Carnaval su colaboraci\u00f3n e  implicaci\u00f3n, as\u00ed como a Polic\u00eda Local, Protecci\u00f3n Civil y Cruz Roja, que  formar\u00e1n parte del dispositivo de seguridad en esa jornada.<\/p>\n\n\n\n<p>Fuente: <strong>La opinion de Murcia<\/strong><\/p>\n","protected":false},"excerpt":{"rendered":"<p>El Carnaval de Caravaca de la Cruz, que se celebrar\u00e1 el s\u00e1bado 22 de febrero, contar\u00e1 con varias novedades en el desfile, una fiesta infantil previa al desfile y otra fiesta con actuaciones en directo y entrega de premios en la plaza del Arco. Los concejales de Festejos, Juan Manuel de Le\u00f3n, y de Juventud, [&hellip;]<\/p>\n","protected":false},"author":2,"featured_media":0,"comment_status":"open","ping_status":"open","sticky":false,"template":"","format":"standard","meta":{"footnotes":""},"categories":[3,10,11,2126,14,18],"tags":[],"class_list":["post-8612","post","type-post","status-publish","format-standard","hentry","category-actividades","category-conciertos-2","category-concursos","category-espanol","category-eventos","category-fiestas-2"],"_links":{"self":[{"href":"https:\/\/www.turismocaravaca.com\/blog\/wp-json\/wp\/v2\/posts\/8612"}],"collection":[{"href":"https:\/\/www.turismocaravaca.com\/blog\/wp-json\/wp\/v2\/posts"}],"about":[{"href":"https:\/\/www.turismocaravaca.com\/blog\/wp-json\/wp\/v2\/types\/post"}],"author":[{"embeddable":true,"href":"https:\/\/www.turismocaravaca.com\/blog\/wp-json\/wp\/v2\/users\/2"}],"replies":[{"embeddable":true,"href":"https:\/\/www.turismocaravaca.com\/blog\/wp-json\/wp\/v2\/comments?post=8612"}],"version-history":[{"count":1,"href":"https:\/\/www.turismocaravaca.com\/blog\/wp-json\/wp\/v2\/posts\/8612\/revisions"}],"predecessor-version":[{"id":8614,"href":"https:\/\/www.turismocaravaca.com\/blog\/wp-json\/wp\/v2\/posts\/8612\/revisions\/8614"}],"wp:attachment":[{"href":"https:\/\/www.turismocaravaca.com\/blog\/wp-json\/wp\/v2\/media?parent=8612"}],"wp:term":[{"taxonomy":"category","embeddable":true,"href":"https:\/\/www.turismocaravaca.com\/blog\/wp-json\/wp\/v2\/categories?post=8612"},{"taxonomy":"post_tag","embeddable":true,"href":"https:\/\/www.turismocaravaca.com\/blog\/wp-json\/wp\/v2\/tags?post=8612"}],"curies":[{"name":"wp","href":"https:\/\/api.w.org\/{rel}","templated":true}]}}