{"id":8631,"date":"2020-03-05T10:51:49","date_gmt":"2020-03-05T09:51:49","guid":{"rendered":"http:\/\/www.turismocaravaca.com\/blog\/?p=8631"},"modified":"2020-03-05T10:51:49","modified_gmt":"2020-03-05T09:51:49","slug":"cuatro-nuevas-rutas-para-conocer-el-campo-de-caravaca-y-municipios-vecinos-con-gran-vinculacion","status":"publish","type":"post","link":"https:\/\/www.turismocaravaca.com\/blog\/cuatro-nuevas-rutas-para-conocer-el-campo-de-caravaca-y-municipios-vecinos-con-gran-vinculacion\/","title":{"rendered":"Cuatro nuevas rutas para conocer el campo de Caravaca y municipios vecinos con gran vinculaci\u00f3n"},"content":{"rendered":"\n<p>En\nesta ocasi\u00f3n vamos a dedicar el blog de turismo a las visitas que como viene\nsiendo costumbre estos \u00faltimos a\u00f1os se realizan para conocer el campo de\nCaravaca de la Cruz y su entorno.<\/p>\n\n\n\n<p>La Concejal\u00eda de Turismo ha presentado la s\u00e9ptima edici\u00f3n de este programa de visitas guiadas para dar a conocer los valores del campo de Caravaca, que este a\u00f1o se extiende a los municipios como V\u00e9lez Blanco o la Puebla de Don Fadrique, con los que Caravaca de la Cruz tiene una fuerte vinculaci\u00f3n hist\u00f3rica, cultural y etnogr\u00e1fica.<\/p>\n\n\n\n<div class=\"wp-block-image\"><figure class=\"aligncenter size-large\"><img loading=\"lazy\" decoding=\"async\" width=\"703\" height=\"1024\" src=\"https:\/\/www.turismocaravaca.com\/blog\/wp-content\/uploads\/2020\/03\/MUPI-VISITAS-PEDANIAS-2020-703x1024.jpg\" alt=\"\" class=\"wp-image-8632\" srcset=\"https:\/\/www.turismocaravaca.com\/blog\/wp-content\/uploads\/2020\/03\/MUPI-VISITAS-PEDANIAS-2020-703x1024.jpg 703w, https:\/\/www.turismocaravaca.com\/blog\/wp-content\/uploads\/2020\/03\/MUPI-VISITAS-PEDANIAS-2020-206x300.jpg 206w, https:\/\/www.turismocaravaca.com\/blog\/wp-content\/uploads\/2020\/03\/MUPI-VISITAS-PEDANIAS-2020-768x1119.jpg 768w, https:\/\/www.turismocaravaca.com\/blog\/wp-content\/uploads\/2020\/03\/MUPI-VISITAS-PEDANIAS-2020-1054x1536.jpg 1054w, https:\/\/www.turismocaravaca.com\/blog\/wp-content\/uploads\/2020\/03\/MUPI-VISITAS-PEDANIAS-2020-1405x2048.jpg 1405w, https:\/\/www.turismocaravaca.com\/blog\/wp-content\/uploads\/2020\/03\/MUPI-VISITAS-PEDANIAS-2020-scaled.jpg 1756w\" sizes=\"(max-width: 703px) 100vw, 703px\" \/><\/figure><\/div>\n\n\n\n<p>Con cuatro nuevas\nrutas, la Concejal\u00eda de Turismo del Consistorio caravaque\u00f1o pone en marcha una\nnueva edici\u00f3n del programa de itinerarios por el campo y las pedan\u00edas de\nCaravaca, que, adem\u00e1s, incluyen el desplazamiento a lugares de inter\u00e9s de municipios\nvecinos, como V\u00e9lez Blanco, la Puebla de Don Fadrique o Moratalla, con una\nimportante vinculaci\u00f3n hist\u00f3rica, paisaj\u00edstica y cultural.<\/p>\n\n\n\n<p>El concejal responsable del \u00e1rea de Turismo, Jos\u00e9 Carlos G\u00f3mez, junto al coordinador de la actividad, Indalecio Pozo, ha presentado este programa de visitas guiadas, que gozan de una gran aceptaci\u00f3n por parte de los visitantes y de los propios caravaque\u00f1os. \u201cCon esta iniciativa ponemos el foco en lugares hist\u00f3ricos, naturales, gastron\u00f3micos y etnogr\u00e1ficos menos conocidos por el gran p\u00fablico y que suelen quedar al margen de las rutas tur\u00edsticas convencionales, dise\u00f1ando contenidos espec\u00edficos y recorridos adaptados a todos los p\u00fablicos\u201d, ha se\u00f1alado Jos\u00e9 Carlos G\u00f3mez.<\/p>\n\n\n\n<div class=\"wp-block-image\"><figure class=\"aligncenter size-large\"><img loading=\"lazy\" decoding=\"async\" width=\"1024\" height=\"683\" src=\"https:\/\/www.turismocaravaca.com\/blog\/wp-content\/uploads\/2020\/03\/PresentacionRutasCampoDeCaravaca03-1024x683.jpg\" alt=\"\" class=\"wp-image-8633\" srcset=\"https:\/\/www.turismocaravaca.com\/blog\/wp-content\/uploads\/2020\/03\/PresentacionRutasCampoDeCaravaca03-1024x683.jpg 1024w, https:\/\/www.turismocaravaca.com\/blog\/wp-content\/uploads\/2020\/03\/PresentacionRutasCampoDeCaravaca03-300x200.jpg 300w, https:\/\/www.turismocaravaca.com\/blog\/wp-content\/uploads\/2020\/03\/PresentacionRutasCampoDeCaravaca03-768x512.jpg 768w, https:\/\/www.turismocaravaca.com\/blog\/wp-content\/uploads\/2020\/03\/PresentacionRutasCampoDeCaravaca03-1536x1024.jpg 1536w, https:\/\/www.turismocaravaca.com\/blog\/wp-content\/uploads\/2020\/03\/PresentacionRutasCampoDeCaravaca03-2048x1365.jpg 2048w\" sizes=\"(max-width: 1024px) 100vw, 1024px\" \/><\/figure><\/div>\n\n\n\n<p>La s\u00e9ptima edici\u00f3n del\nprograma \u2018Visitas guiadas e itinerarios por las pedan\u00edas, el campo y la huerta\nde Caravaca\u2019 incluye contenidos novedosos dentro del t\u00e9rmino municipal y\nadem\u00e1s, en 2020 extienden al municipio convecino de la Puebla de don Fadrique,\nas\u00ed como al Campo de Moratalla y V\u00e9lez Blanco ya incluidas en la fase anterior.<\/p>\n\n\n\n<p>\u201cSobran razones para esta ampliaci\u00f3n de horizontes hacia los municipios lim\u00edtrofes pues son nuestros vecinos y presentan un horizonte geogr\u00e1fico, econ\u00f3mico y cultural compartido, a pesar de pertenecer a demarcaciones administrativas y pol\u00edticas diferentes. Sin duda, se trata de un paisaje cultural y natural com\u00fan\u201d,\u00a0 ha destacado Indalecio Pozo.<\/p>\n\n\n\n<div class=\"wp-block-image\"><figure class=\"aligncenter size-large\"><img loading=\"lazy\" decoding=\"async\" width=\"1024\" height=\"625\" src=\"https:\/\/www.turismocaravaca.com\/blog\/wp-content\/uploads\/2020\/03\/PresentacionRutasCampoDeCaravaca01-1024x625.jpg\" alt=\"\" class=\"wp-image-8634\" srcset=\"https:\/\/www.turismocaravaca.com\/blog\/wp-content\/uploads\/2020\/03\/PresentacionRutasCampoDeCaravaca01-1024x625.jpg 1024w, https:\/\/www.turismocaravaca.com\/blog\/wp-content\/uploads\/2020\/03\/PresentacionRutasCampoDeCaravaca01-300x183.jpg 300w, https:\/\/www.turismocaravaca.com\/blog\/wp-content\/uploads\/2020\/03\/PresentacionRutasCampoDeCaravaca01-768x469.jpg 768w, https:\/\/www.turismocaravaca.com\/blog\/wp-content\/uploads\/2020\/03\/PresentacionRutasCampoDeCaravaca01-1536x938.jpg 1536w, https:\/\/www.turismocaravaca.com\/blog\/wp-content\/uploads\/2020\/03\/PresentacionRutasCampoDeCaravaca01-2048x1251.jpg 2048w\" sizes=\"(max-width: 1024px) 100vw, 1024px\" \/><\/figure><\/div>\n\n\n\n<p> Las dos primeras jornadas, programadas para los domingos 15 de marzo y 19 de abril, est\u00e1n dedicadas precisamente a las tierras almerienses de V\u00e9lez Blanco-Mar\u00eda, y las granadinas de Puebla de don Fadrique, sin olvidar al Campo de Caravaca, pues tambi\u00e9n habr\u00e1 oportunidad de analizar la Fuente del Moral, con el itinerario del rey Fernando el Cat\u00f3lico por aquellas tierras, y la fundaci\u00f3n de la famosa Venta del Moral, recogida en numerosos de mapas antiguos, y tambi\u00e9n la visita de ermita de El Entredicho, auspiciada por el vicario santiaguista don Pedro Becerra.<br><br><\/p>\n\n\n\n<p>La tercera visita,\nprevista para el 17 de mayo, est\u00e1 dedicada al \u00e1rea occidental del municipio,\nrecorriendo el coraz\u00f3n del antiguo territorio y municipio de Celda, con la\ntorre Mata y el Castillo de Celda, haci\u00e9ndola coincidir con la romer\u00eda que cada\na\u00f1o se celebra en la ermita de los Poyos de Celda en honor de San Isidro. Un\ndestacado ejemplo de celebraci\u00f3n popular en torno a esta ermita que el a\u00f1o\npr\u00f3ximo cumplir\u00e1 su 350 aniversario, ejemplo de colaboraci\u00f3n p\u00fablico y privada.<\/p>\n\n\n\n<p>La \u00faltima visita, que\ntendr\u00e1 lugar 14 de junio, es continuaci\u00f3n de otra desarrollada el a\u00f1o anterior,\nen torno a las fuentes y manantiales. Adem\u00e1s de la Fuente de Navares y Las\nTosquillas, la visita abarcar\u00e1 la cabecera del r\u00edo Caravaca (r\u00edo Argos) y el\nnacimiento de agua salada en las salinas de Zacat\u00edn.<\/p>\n\n\n\n<p>Las inscripciones para\nparticipar en cualquiera de las cuatro nuevas rutas, se realizan en la Oficina\nMunicipal de Turismo, de forma presencial o llamando al 968 702424, abri\u00e9ndose\nel plazo el lunes previo a la realizaci\u00f3n de la actividad.<\/p>\n\n\n\n<p>Por otra parte, la\nConcejal\u00eda de Turismo se suma este domingo, 8 de marzo, al programa de\nactividades&nbsp; conmemorativas del \u2018D\u00eda Internacional de la Mujer, con la\ntercera edici\u00f3n de la visita guiada gratuita \u2018El nombre de las calles y de las\ncosas\u2019. El recorrido se iniciar\u00e1 a las 1.30 horas, en la puerta principal de la\niglesia de El Salvador.<\/p>\n\n\n\n<p><strong>Lazos hist\u00f3ricos entre\nCaravaca, V\u00e9lez Blanco y la puebla de Don Fadrique<\/strong><\/p>\n\n\n\n<p>Desde un punto de vista\nhist\u00f3rico, resulta muy interesante la relaci\u00f3n del municipio de Caravaca de la\nCruz con V\u00e9lez Blanco. Tras la finalizaci\u00f3n de la Guerra de Granada en 1492,\nlos Fajardo, comendadores santiaguistas de Caravaca, crearon un extenso se\u00f1or\u00edo\nlaico con capitalidad en V\u00e9lez Blanco, de manera que gran parte del siglo XVI\nlos destinos del se\u00f1or\u00edo y la encomienda de Caravaca estuvieron regidos por un\nmismo titular, don Pedro Fajardo y don Luis Fajardo, su hijo. Esta situaci\u00f3n\ndej\u00f3 una huella profunda en la historia social y en la historia del arte de\nambas demarcaciones, con un continuo intercambio de administradores, tesoreros,\noficiales de todo g\u00e9nero y maestros, adem\u00e1s de la contribuci\u00f3n caravaque\u00f1a en\nla repoblaci\u00f3n de los V\u00e9lez ocurrida tras la Guerra de las Alpujarras.<\/p>\n\n\n\n<p>La relaci\u00f3n permanecer\u00e1\nen el tiempo, pues todav\u00eda a finales del siglo XVIII el escultor caravaque\u00f1o\nFrancisco Fern\u00e1ndez Caro realiz\u00f3 la Pur\u00edsima del convento de franciscanos de\nV\u00e9lez Rubio, afortunadamente a\u00fan conservada.<\/p>\n\n\n\n<p>En cuanto al territorio de la Puebla de don Fadrique, adscrito igualmente a otro se\u00f1or\u00edo laico, en este caso al constituido por el condestable de Navarra, con capitalidad en la ciudad de Hu\u00e9scar, la relaci\u00f3n tambi\u00e9n ha sido muy intensa. En la repoblaci\u00f3n de las tierras de lo que fue la antigua Volteruela, participaron gentes de la encomienda de Caravaca. Durante el siglo XVI, las canteras de arenisca localizadas en el Estrecho de Celda (Los Royos) surtieron de sillares para la construcci\u00f3n de las importantes iglesias de la Puebla y Hu\u00e9scar. Los grandes ganaderos de Caravaca tuvieron importantes intereses en tierras de la Puebla.<\/p>\n\n\n\n<p>Fuente: Ayto. Caravaca de la Cruz.<\/p>\n","protected":false},"excerpt":{"rendered":"<p>En esta ocasi\u00f3n vamos a dedicar el blog de turismo a las visitas que como viene siendo costumbre estos \u00faltimos a\u00f1os se realizan para conocer el campo de Caravaca de la Cruz y su entorno. La Concejal\u00eda de Turismo ha presentado la s\u00e9ptima edici\u00f3n de este programa de visitas guiadas para dar a conocer los [&hellip;]<\/p>\n","protected":false},"author":2,"featured_media":8633,"comment_status":"open","ping_status":"open","sticky":false,"template":"","format":"standard","meta":{"footnotes":""},"categories":[2126,30],"tags":[],"class_list":["post-8631","post","type-post","status-publish","format-standard","has-post-thumbnail","hentry","category-espanol","category-rutas"],"_links":{"self":[{"href":"https:\/\/www.turismocaravaca.com\/blog\/wp-json\/wp\/v2\/posts\/8631"}],"collection":[{"href":"https:\/\/www.turismocaravaca.com\/blog\/wp-json\/wp\/v2\/posts"}],"about":[{"href":"https:\/\/www.turismocaravaca.com\/blog\/wp-json\/wp\/v2\/types\/post"}],"author":[{"embeddable":true,"href":"https:\/\/www.turismocaravaca.com\/blog\/wp-json\/wp\/v2\/users\/2"}],"replies":[{"embeddable":true,"href":"https:\/\/www.turismocaravaca.com\/blog\/wp-json\/wp\/v2\/comments?post=8631"}],"version-history":[{"count":1,"href":"https:\/\/www.turismocaravaca.com\/blog\/wp-json\/wp\/v2\/posts\/8631\/revisions"}],"predecessor-version":[{"id":8635,"href":"https:\/\/www.turismocaravaca.com\/blog\/wp-json\/wp\/v2\/posts\/8631\/revisions\/8635"}],"wp:featuredmedia":[{"embeddable":true,"href":"https:\/\/www.turismocaravaca.com\/blog\/wp-json\/wp\/v2\/media\/8633"}],"wp:attachment":[{"href":"https:\/\/www.turismocaravaca.com\/blog\/wp-json\/wp\/v2\/media?parent=8631"}],"wp:term":[{"taxonomy":"category","embeddable":true,"href":"https:\/\/www.turismocaravaca.com\/blog\/wp-json\/wp\/v2\/categories?post=8631"},{"taxonomy":"post_tag","embeddable":true,"href":"https:\/\/www.turismocaravaca.com\/blog\/wp-json\/wp\/v2\/tags?post=8631"}],"curies":[{"name":"wp","href":"https:\/\/api.w.org\/{rel}","templated":true}]}}