{"id":8638,"date":"2020-03-10T11:52:18","date_gmt":"2020-03-10T10:52:18","guid":{"rendered":"http:\/\/www.turismocaravaca.com\/blog\/?p=8638"},"modified":"2020-03-10T11:52:18","modified_gmt":"2020-03-10T10:52:18","slug":"hypatia-2020","status":"publish","type":"post","link":"https:\/\/www.turismocaravaca.com\/blog\/hypatia-2020\/","title":{"rendered":"HYPATIA 2020"},"content":{"rendered":"\n<p>Hoy vamos a dedicar nuestro blog de turismo aprovechando las celebraciones y actos del D\u00eda de la Mujer a la exposici\u00f3n \u201cHypatia 2020\u201d que se inaugur\u00f3 el pasado 8 de marzo.<\/p>\n\n\n\n<div class=\"wp-block-image\"><figure class=\"aligncenter size-large\"><img loading=\"lazy\" decoding=\"async\" width=\"959\" height=\"640\" src=\"https:\/\/www.turismocaravaca.com\/blog\/wp-content\/uploads\/2020\/03\/89749245_3043482335709234_3813812709808406528_o.jpg\" alt=\"\" class=\"wp-image-8639\" srcset=\"https:\/\/www.turismocaravaca.com\/blog\/wp-content\/uploads\/2020\/03\/89749245_3043482335709234_3813812709808406528_o.jpg 959w, https:\/\/www.turismocaravaca.com\/blog\/wp-content\/uploads\/2020\/03\/89749245_3043482335709234_3813812709808406528_o-300x200.jpg 300w, https:\/\/www.turismocaravaca.com\/blog\/wp-content\/uploads\/2020\/03\/89749245_3043482335709234_3813812709808406528_o-768x513.jpg 768w\" sizes=\"(max-width: 959px) 100vw, 959px\" \/><\/figure><\/div>\n\n\n\n<div class=\"wp-block-image\"><figure class=\"aligncenter size-large\"><img loading=\"lazy\" decoding=\"async\" width=\"960\" height=\"720\" src=\"https:\/\/www.turismocaravaca.com\/blog\/wp-content\/uploads\/2020\/03\/89823215_3043481465709321_1715332010135781376_n.jpg\" alt=\"\" class=\"wp-image-8643\" srcset=\"https:\/\/www.turismocaravaca.com\/blog\/wp-content\/uploads\/2020\/03\/89823215_3043481465709321_1715332010135781376_n.jpg 960w, https:\/\/www.turismocaravaca.com\/blog\/wp-content\/uploads\/2020\/03\/89823215_3043481465709321_1715332010135781376_n-300x225.jpg 300w, https:\/\/www.turismocaravaca.com\/blog\/wp-content\/uploads\/2020\/03\/89823215_3043481465709321_1715332010135781376_n-768x576.jpg 768w\" sizes=\"(max-width: 960px) 100vw, 960px\" \/><\/figure><\/div>\n\n\n\n<p>La exposici\u00f3n se ubica en el centro cultural Iglesia de la Compa\u00f1\u00eda de Jes\u00fas y estar\u00e1 abierta hasta el 29 de marzo, de 17.30 a 20.30 horas.<\/p>\n\n\n\n<div class=\"wp-block-image\"><figure class=\"aligncenter size-large\"><img loading=\"lazy\" decoding=\"async\" width=\"720\" height=\"960\" src=\"https:\/\/www.turismocaravaca.com\/blog\/wp-content\/uploads\/2020\/03\/88325748_3043481682375966_631979389357129728_n.jpg\" alt=\"\" class=\"wp-image-8640\" srcset=\"https:\/\/www.turismocaravaca.com\/blog\/wp-content\/uploads\/2020\/03\/88325748_3043481682375966_631979389357129728_n.jpg 720w, https:\/\/www.turismocaravaca.com\/blog\/wp-content\/uploads\/2020\/03\/88325748_3043481682375966_631979389357129728_n-225x300.jpg 225w\" sizes=\"(max-width: 720px) 100vw, 720px\" \/><\/figure><\/div>\n\n\n\n<p>Son dieciocho artistas, la mayor parte de ellas caravaque\u00f1as o vinculadas a esta tierra, las que participan en la exposici\u00f3n colectiva \u2018Hypatia\u2019, comisariada por <strong>Ana Mar\u00eda Vacas Mart\u00ednez-Blasco<\/strong> y organizada por el Ayuntamiento de Caravaca de la Cruz, dentro del programa especial de actividades del \u2018D\u00eda Internacional de la Mujer\u2019. <\/p>\n\n\n\n<div class=\"wp-block-image\"><figure class=\"aligncenter size-large\"><img loading=\"lazy\" decoding=\"async\" width=\"959\" height=\"640\" src=\"https:\/\/www.turismocaravaca.com\/blog\/wp-content\/uploads\/2020\/03\/87815752_3043482042375930_4583878768065511424_o.jpg\" alt=\"\" class=\"wp-image-8641\" srcset=\"https:\/\/www.turismocaravaca.com\/blog\/wp-content\/uploads\/2020\/03\/87815752_3043482042375930_4583878768065511424_o.jpg 959w, https:\/\/www.turismocaravaca.com\/blog\/wp-content\/uploads\/2020\/03\/87815752_3043482042375930_4583878768065511424_o-300x200.jpg 300w, https:\/\/www.turismocaravaca.com\/blog\/wp-content\/uploads\/2020\/03\/87815752_3043482042375930_4583878768065511424_o-768x513.jpg 768w\" sizes=\"(max-width: 959px) 100vw, 959px\" \/><\/figure><\/div>\n\n\n\n<div class=\"wp-block-image\"><figure class=\"aligncenter size-large\"><img loading=\"lazy\" decoding=\"async\" width=\"959\" height=\"640\" src=\"https:\/\/www.turismocaravaca.com\/blog\/wp-content\/uploads\/2020\/03\/88248335_3043482419042559_4847021192269266944_o.jpg\" alt=\"\" class=\"wp-image-8642\" srcset=\"https:\/\/www.turismocaravaca.com\/blog\/wp-content\/uploads\/2020\/03\/88248335_3043482419042559_4847021192269266944_o.jpg 959w, https:\/\/www.turismocaravaca.com\/blog\/wp-content\/uploads\/2020\/03\/88248335_3043482419042559_4847021192269266944_o-300x200.jpg 300w, https:\/\/www.turismocaravaca.com\/blog\/wp-content\/uploads\/2020\/03\/88248335_3043482419042559_4847021192269266944_o-768x513.jpg 768w\" sizes=\"(max-width: 959px) 100vw, 959px\" \/><\/figure><\/div>\n\n\n\n<p>En la sala de Compa\u00f1\u00eda de Jes\u00fas puede contemplarse esta muestra compuesta por 60 obras realizadas en t\u00e9cnicas y estilos diversos.<\/p>\n\n\n\n<p>\u00a1No te la pierdas!<\/p>\n\n\n\n<p>Fuentes. Ayto. Caravaca<\/p>\n\n\n\n<p><\/p>\n","protected":false},"excerpt":{"rendered":"<p>Hoy vamos a dedicar nuestro blog de turismo aprovechando las celebraciones y actos del D\u00eda de la Mujer a la exposici\u00f3n \u201cHypatia 2020\u201d que se inaugur\u00f3 el pasado 8 de marzo. La exposici\u00f3n se ubica en el centro cultural Iglesia de la Compa\u00f1\u00eda de Jes\u00fas y estar\u00e1 abierta hasta el 29 de marzo, de 17.30 [&hellip;]<\/p>\n","protected":false},"author":2,"featured_media":8639,"comment_status":"open","ping_status":"open","sticky":false,"template":"","format":"standard","meta":{"footnotes":""},"categories":[3,4,2126],"tags":[],"class_list":["post-8638","post","type-post","status-publish","format-standard","has-post-thumbnail","hentry","category-actividades","category-arte","category-espanol"],"_links":{"self":[{"href":"https:\/\/www.turismocaravaca.com\/blog\/wp-json\/wp\/v2\/posts\/8638"}],"collection":[{"href":"https:\/\/www.turismocaravaca.com\/blog\/wp-json\/wp\/v2\/posts"}],"about":[{"href":"https:\/\/www.turismocaravaca.com\/blog\/wp-json\/wp\/v2\/types\/post"}],"author":[{"embeddable":true,"href":"https:\/\/www.turismocaravaca.com\/blog\/wp-json\/wp\/v2\/users\/2"}],"replies":[{"embeddable":true,"href":"https:\/\/www.turismocaravaca.com\/blog\/wp-json\/wp\/v2\/comments?post=8638"}],"version-history":[{"count":1,"href":"https:\/\/www.turismocaravaca.com\/blog\/wp-json\/wp\/v2\/posts\/8638\/revisions"}],"predecessor-version":[{"id":8644,"href":"https:\/\/www.turismocaravaca.com\/blog\/wp-json\/wp\/v2\/posts\/8638\/revisions\/8644"}],"wp:featuredmedia":[{"embeddable":true,"href":"https:\/\/www.turismocaravaca.com\/blog\/wp-json\/wp\/v2\/media\/8639"}],"wp:attachment":[{"href":"https:\/\/www.turismocaravaca.com\/blog\/wp-json\/wp\/v2\/media?parent=8638"}],"wp:term":[{"taxonomy":"category","embeddable":true,"href":"https:\/\/www.turismocaravaca.com\/blog\/wp-json\/wp\/v2\/categories?post=8638"},{"taxonomy":"post_tag","embeddable":true,"href":"https:\/\/www.turismocaravaca.com\/blog\/wp-json\/wp\/v2\/tags?post=8638"}],"curies":[{"name":"wp","href":"https:\/\/api.w.org\/{rel}","templated":true}]}}