{"id":8675,"date":"2020-07-01T17:28:05","date_gmt":"2020-07-01T15:28:05","guid":{"rendered":"http:\/\/www.turismocaravaca.com\/blog\/?p=8675"},"modified":"2020-07-01T19:24:58","modified_gmt":"2020-07-01T17:24:58","slug":"nos-dejo-la-bututa-de-candel","status":"publish","type":"post","link":"https:\/\/www.turismocaravaca.com\/blog\/nos-dejo-la-bututa-de-candel\/","title":{"rendered":"Nos dej\u00f3 la batuta de Candel"},"content":{"rendered":"\n<p>En esta ocasi\u00f3n vamos a dedicar el blog de turismo a D. Antonio Candel que fuera director de la banda de m\u00fasica de Caravaca de la Cruz entre los a\u00f1os 1981 y 1985 y del que recientemente conocimos su \u00f3bito.<\/p>\n\n\n\n<p>Un elemento importante de Caravaca de la Cruz son sus fiestas y un elemento importante en ellas es la m\u00fasica. La Agrupaci\u00f3n Musical Caravaca de la Cruz, que en tiempos ha recibido otras denominaciones, ha tenido una serie de directores, entre ellos <strong>D. Antonio Candel Candel<\/strong>. La Agrupaci\u00f3n Musical bajo su direcci\u00f3n contribuy\u00f3 a ellas y a la cultura de la ciudad con diversas salidas, como se conoce en el argot musical: pasacalles, desfiles y procesiones, as\u00ed tambi\u00e9n como conciertos.<\/p>\n\n\n\n<p>En la primavera de 2020, en plena etapa de confinamiento por la pandemia del coronavirus (COVID-19), se conoci\u00f3 de su fallecimiento, a los 91 a\u00f1os de edad y por muerte natural en la ciudad de Caravaca de la Cruz. Conozcamos un poco m\u00e1s de su historia.<\/p>\n\n\n\n<div class=\"wp-block-image\"><figure class=\"aligncenter size-large is-resized\"><img loading=\"lazy\" decoding=\"async\" src=\"https:\/\/www.turismocaravaca.com\/blog\/wp-content\/uploads\/2020\/07\/fooocandel-585x1024.jpg\" alt=\"\" class=\"wp-image-8676\" width=\"222\" height=\"389\" srcset=\"https:\/\/www.turismocaravaca.com\/blog\/wp-content\/uploads\/2020\/07\/fooocandel-585x1024.jpg 585w, https:\/\/www.turismocaravaca.com\/blog\/wp-content\/uploads\/2020\/07\/fooocandel-171x300.jpg 171w, https:\/\/www.turismocaravaca.com\/blog\/wp-content\/uploads\/2020\/07\/fooocandel-768x1345.jpg 768w, https:\/\/www.turismocaravaca.com\/blog\/wp-content\/uploads\/2020\/07\/fooocandel-877x1536.jpg 877w, https:\/\/www.turismocaravaca.com\/blog\/wp-content\/uploads\/2020\/07\/fooocandel.jpg 1000w\" sizes=\"(max-width: 222px) 100vw, 222px\" \/><figcaption>Antonio Candel<\/figcaption><\/figure><\/div>\n\n\n\n<p>Tras la jubilaci\u00f3n de D. Antonio Mart\u00ednez Nevado, del que se guarda gran recuerdo, y el paso de otro director (Rafael Mart\u00ednez Castillo) que no cuaj\u00f3, lleg\u00f3 en noviembre de 1981, tras publicaci\u00f3n en el BOE, D. Antonio Candel a hacerse cargo de la banda de m\u00fasica de la ciudad, precisamente en un a\u00f1o jubilar (aunque todav\u00eda no ten\u00eda la concesi\u00f3n de \u201ca perpetuidad\u201d). La banda estaba en sus m\u00ednimos cuando \u00e9l la cogi\u00f3 y consigui\u00f3 reflotarla.<\/p>\n\n\n\n<p>Durante su corta pero intensa labor al frente de la banda de m\u00fasica se dieron conciertos en la Glorieta con motivo de la festividad de la Virgen del Carmen, en el entonces Cine Gran V\u00eda (donde hoy est\u00e1 la boutique de Jaime), en el Aula Cultural de Cajamurcia (lo que hoy es Bankia) o en la iglesia de San Jos\u00e9 del convento de MM Carmelitas Descalzas: en ese marco incomparable, como suele decirse (y en el caso de la citada iglesia no es exagerado el decir), dicho concierto fue grabado por el Centro Territorial de TVE (25 de marzo de 1985). Memorable fue tambi\u00e9n el desfile de la banda de m\u00fasica bajo su direcci\u00f3n por las calles de Madrid con motivo de la Feria Internacional de Turismo (FITUR) en febrero de 1984. Al a\u00f1o siguiente, 1985, desaparece el Cuerpo T\u00e9cnico de Directores de Bandas de M\u00fasica Civiles en el que hab\u00eda ingresado por oposici\u00f3n en 1956. Al desaparecer el referido Cuerpo de Directores pasa a ser funcionario del Ayuntamiento. Al a\u00f1o siguiente, por diversas circunstancias, deja la banda de m\u00fasica de la que se hace cargo D. Ignacio S\u00e1nchez Navarro.<\/p>\n\n\n\n<p>Desde ese momento D. Antonio se convierte en un ciudadano m\u00e1s que no pasaba nunca desapercibido no tanto por su corpulencia como por su natural simpat\u00eda y buen humor.<\/p>\n\n\n\n<p><strong>Breve biograf\u00eda<\/strong><\/p>\n\n\n\n<p>D. Antonio naci\u00f3 en la murciana localidad de Blanca en diciembre de 1928. Es en este municipio donde inici\u00f3 sus estudios musicales de la mano de su padre que era en aquel entonces el director de la banda de m\u00fasica de la localidad. Con 16 a\u00f1os ingresa por oposici\u00f3n en la Banda de Infanter\u00eda de Marina, Tercio de Levante, de Cartagena, continuando su formaci\u00f3n bajo la tutela de los maestros Ram\u00f3n S\u00e1ez de Adana y Jes\u00fas Montalb\u00e1n; simultanea su aprendizaje con estudios de Direcci\u00f3n y Piano en el Conservatorio Superior de M\u00fasica de Murcia con los maestros Masotti Littel, Salas y Ag\u00fcera. Terminada la carrera de piano en Murcia, ampli\u00f3 estudios de Fuga y Composici\u00f3n en Madrid con Ricardo Dorado Xaneiro, alternando los de Direcci\u00f3n junto al afamado director Ata\u00falfo Argenta.<\/p>\n\n\n\n<p>En 1956 ingres\u00f3 por oposici\u00f3n en el desaparecido Cuerpo T\u00e9cnico de Directores de Bandas de M\u00fasica Civiles, dirigiendo, entre otras, las bandas de Blanca, Orihuela, Ceheg\u00edn, Elda. Hell\u00edn y Tobarra, localidad desde la que accedi\u00f3 a la de Caravaca de la Cruz en 1981 y al frente de cuya agrupaci\u00f3n permaneci\u00f3 hasta 1985. Ya no se alejar\u00eda hasta su muerte de la ciudad de la Cruz.<\/p>\n\n\n\n<figure class=\"wp-block-gallery aligncenter columns-1 is-cropped wp-block-gallery-1 is-layout-flex wp-block-gallery-is-layout-flex\"><ul class=\"blocks-gallery-grid\"><li class=\"blocks-gallery-item\"><figure><img loading=\"lazy\" decoding=\"async\" width=\"1024\" height=\"650\" src=\"https:\/\/www.turismocaravaca.com\/blog\/wp-content\/uploads\/2020\/07\/EUhNzs_X0AA7zIc-Tobarra-1024x650.jpg\" alt=\"\" data-id=\"8677\" data-full-url=\"https:\/\/www.turismocaravaca.com\/blog\/wp-content\/uploads\/2020\/07\/EUhNzs_X0AA7zIc-Tobarra.jpg\" data-link=\"https:\/\/www.turismocaravaca.com\/blog\/?attachment_id=8677\" class=\"wp-image-8677\" srcset=\"https:\/\/www.turismocaravaca.com\/blog\/wp-content\/uploads\/2020\/07\/EUhNzs_X0AA7zIc-Tobarra-1024x650.jpg 1024w, https:\/\/www.turismocaravaca.com\/blog\/wp-content\/uploads\/2020\/07\/EUhNzs_X0AA7zIc-Tobarra-300x191.jpg 300w, https:\/\/www.turismocaravaca.com\/blog\/wp-content\/uploads\/2020\/07\/EUhNzs_X0AA7zIc-Tobarra-768x488.jpg 768w, https:\/\/www.turismocaravaca.com\/blog\/wp-content\/uploads\/2020\/07\/EUhNzs_X0AA7zIc-Tobarra.jpg 1069w\" sizes=\"(max-width: 1024px) 100vw, 1024px\" \/><figcaption class=\"blocks-gallery-item__caption\">Candel al frente de la Uni\u00f3n Musical Santa Cecilia de Tobarra<\/figcaption><\/figure><\/li><\/ul><\/figure>\n\n\n\n<p>Entre sus composiciones caben destacar la zarzuela \u201cBlanca\u201d, los pasodobles taurinos Pedr\u00edn Benjumea y Pepe Luis V\u00e1zquez, y, sobre todo, el pasodoble \u201c<strong>Abanderadas<\/strong>\u201d, dedicado a las abanderadas de las fiestas de moros y cristianos de Elda (Alicante).<\/p>\n\n\n\n<figure class=\"wp-block-embed-youtube aligncenter wp-block-embed is-type-video is-provider-youtube wp-embed-aspect-16-9 wp-has-aspect-ratio\"><div class=\"wp-block-embed__wrapper\">\n<iframe loading=\"lazy\" title=\"Abanderadas - Antonio Candel Candel - Pasodoble\/Pasdoble {Moros y Cristianos} {M\u00fasica Festera}\" width=\"768\" height=\"432\" src=\"https:\/\/www.youtube.com\/embed\/WlPhlSvpxOg?feature=oembed\" frameborder=\"0\" allow=\"accelerometer; autoplay; encrypted-media; gyroscope; picture-in-picture\" allowfullscreen><\/iframe>\n<\/div><\/figure>\n\n\n\n<p>Dicha pieza fue compuesta en 1955 y con el correr de los a\u00f1os se ha convertido en una obra musical esencial dentro de las fiestas en honor a San Ant\u00f3n. Candel dirigi\u00f3 la AMCE Santa Cecilia entre 1954 y 1958. Es, pues, durante su estancia en Elda que compone dicha pieza. La ciudad de Elda le rindi\u00f3 finalmente un merecido homenaje el 25 abril de 2015 por el 60 aniversario de esta composici\u00f3n musical \u201cAbanderadas\u201d. Dicho homenaje fue organizado por la Junta Central de Comparsas cont\u00f3 con el propio compositor quien don\u00f3 un par de zapatos al Museo del Calzado. Ese mismo d\u00eda, por la tarde, se despidi\u00f3 de su Elda querida tras volver a dirigir \u201cAbanderadas\u201d con las siguientes palabras: \u201cGracias. Os llevo grabados en mi coraz\u00f3n. Este es un recuerdo que me hace florecer aquellos a\u00f1os de mi juventud. Gracias. Hasta siempre\u201d. Ese d\u00eda, el presidente de la Junta Central de Comparsas de Moros y Cristianos, Pedro Garc\u00eda, afirm\u00f3: \u201cElda le debe mucho a la composici\u00f3n Abanderadas. Esto es un homenaje a Candel y a su vida. Las huellas de sus notas musicales se eternizar\u00e1n en nuestra historia\u201d.<\/p>\n\n\n\n<div class=\"wp-block-image\"><figure class=\"aligncenter size-large\"><img loading=\"lazy\" decoding=\"async\" width=\"256\" height=\"355\" src=\"https:\/\/www.turismocaravaca.com\/blog\/wp-content\/uploads\/2020\/07\/donaci\u00f3n-par-de-zapatos-Candel-al-museo-del-calzado-de-Elda.jpg\" alt=\"\" class=\"wp-image-8678\" srcset=\"https:\/\/www.turismocaravaca.com\/blog\/wp-content\/uploads\/2020\/07\/donaci\u00f3n-par-de-zapatos-Candel-al-museo-del-calzado-de-Elda.jpg 256w, https:\/\/www.turismocaravaca.com\/blog\/wp-content\/uploads\/2020\/07\/donaci\u00f3n-par-de-zapatos-Candel-al-museo-del-calzado-de-Elda-216x300.jpg 216w\" sizes=\"(max-width: 256px) 100vw, 256px\" \/><\/figure><\/div>\n\n\n\n<p>Sirvan estas bellas palabras para despedir a este m\u00fasico de gran coraz\u00f3n que eligi\u00f3 vivir en Caravaca de la Cruz tras su jubilaci\u00f3n a pesar de los pesares.<\/p>\n\n\n\n<p>Fuentes:<\/p>\n\n\n\n<p>L\u00f3pez \u00c1lvarez, J. Javier; Melgares Guerrero, Jos\u00e9 Antonio: <em>La Banda de M\u00fasica de Caravaca de la Cruz (Introducci\u00f3n a su Historia).<\/em> Ed. Agrupaci\u00f3n Musical San Sebasti\u00e1n de Caravaca de la Cruz.MU: 2004.<\/p>\n\n\n\n<p>valledeelda.com<\/p>\n\n\n\n<p>elnoroestedigital.com<\/p>\n\n\n\n<p>cadenaser.com\/emisora\/2020\/04\/01\/radio_elda\/<\/p>\n\n\n\n<p>musicafestera.com\/obres\/pasdoble\/abanderadas<\/p>\n\n\n\n<p>docs.google.com\/document\/ (Extracto La tribuna de Albacete)<\/p>\n\n\n\n<p><\/p>\n","protected":false},"excerpt":{"rendered":"<p>En esta ocasi\u00f3n vamos a dedicar el blog de turismo a D. Antonio Candel que fuera director de la banda de m\u00fasica de Caravaca de la Cruz entre los a\u00f1os 1981 y 1985 y del que recientemente conocimos su \u00f3bito. Un elemento importante de Caravaca de la Cruz son sus fiestas y un elemento importante [&hellip;]<\/p>\n","protected":false},"author":2,"featured_media":8679,"comment_status":"open","ping_status":"open","sticky":false,"template":"","format":"standard","meta":{"footnotes":""},"categories":[2126,2138],"tags":[2620,2622,2621],"class_list":["post-8675","post","type-post","status-publish","format-standard","has-post-thumbnail","hentry","category-espanol","category-musica","tag-antonio-candel","tag-compositor-de-abanderadas","tag-director-banda-de-musica-de-caravaca"],"_links":{"self":[{"href":"https:\/\/www.turismocaravaca.com\/blog\/wp-json\/wp\/v2\/posts\/8675"}],"collection":[{"href":"https:\/\/www.turismocaravaca.com\/blog\/wp-json\/wp\/v2\/posts"}],"about":[{"href":"https:\/\/www.turismocaravaca.com\/blog\/wp-json\/wp\/v2\/types\/post"}],"author":[{"embeddable":true,"href":"https:\/\/www.turismocaravaca.com\/blog\/wp-json\/wp\/v2\/users\/2"}],"replies":[{"embeddable":true,"href":"https:\/\/www.turismocaravaca.com\/blog\/wp-json\/wp\/v2\/comments?post=8675"}],"version-history":[{"count":5,"href":"https:\/\/www.turismocaravaca.com\/blog\/wp-json\/wp\/v2\/posts\/8675\/revisions"}],"predecessor-version":[{"id":8684,"href":"https:\/\/www.turismocaravaca.com\/blog\/wp-json\/wp\/v2\/posts\/8675\/revisions\/8684"}],"wp:featuredmedia":[{"embeddable":true,"href":"https:\/\/www.turismocaravaca.com\/blog\/wp-json\/wp\/v2\/media\/8679"}],"wp:attachment":[{"href":"https:\/\/www.turismocaravaca.com\/blog\/wp-json\/wp\/v2\/media?parent=8675"}],"wp:term":[{"taxonomy":"category","embeddable":true,"href":"https:\/\/www.turismocaravaca.com\/blog\/wp-json\/wp\/v2\/categories?post=8675"},{"taxonomy":"post_tag","embeddable":true,"href":"https:\/\/www.turismocaravaca.com\/blog\/wp-json\/wp\/v2\/tags?post=8675"}],"curies":[{"name":"wp","href":"https:\/\/api.w.org\/{rel}","templated":true}]}}