{"id":8688,"date":"2020-10-07T10:16:07","date_gmt":"2020-10-07T08:16:07","guid":{"rendered":"http:\/\/www.turismocaravaca.com\/blog\/?p=8688"},"modified":"2020-10-07T10:17:12","modified_gmt":"2020-10-07T08:17:12","slug":"la-calle-caravaca-en-la-ciudad-de-madrid","status":"publish","type":"post","link":"https:\/\/www.turismocaravaca.com\/blog\/la-calle-caravaca-en-la-ciudad-de-madrid\/","title":{"rendered":"La Calle Caravaca en la ciudad de Madrid"},"content":{"rendered":"\n<p>Hoy vamos a dedicar nuestro blog de turismo a una curiosidad que muestra el gran conocimiento que se tuvo ya en tiempos de la Cruz de Caravaca. En esta ocasi\u00f3n nos referiremos a la presencia de su nombre en el callejero de la capital del Reino.<\/p>\n\n\n\n<p>En uno de los barrios m\u00e1s castizos de Madrid encontramos esta calle denominada hasta el siglo XIX \u00abde la Cruz de Caravaca\u00bb.<\/p>\n\n\n\n<p>La calle de Caravaca se encuentra entre la calle de Lavapi\u00e9s y la calle del Mes\u00f3n de Paredes, en el &nbsp;Distrito 1 (Centro) &#8211; Barrio de los Embajadores.<\/p>\n\n\n\n<figure class=\"wp-block-gallery columns-1 is-cropped wp-block-gallery-1 is-layout-flex wp-block-gallery-is-layout-flex\"><ul class=\"blocks-gallery-grid\"><li class=\"blocks-gallery-item\"><figure><img loading=\"lazy\" decoding=\"async\" width=\"750\" height=\"397\" src=\"https:\/\/www.turismocaravaca.com\/blog\/wp-content\/uploads\/2020\/10\/ubicacion-calle-ne-callejero.jpg\" alt=\"\" data-id=\"8689\" data-link=\"https:\/\/www.turismocaravaca.com\/blog\/?attachment_id=8689\" class=\"wp-image-8689\" srcset=\"https:\/\/www.turismocaravaca.com\/blog\/wp-content\/uploads\/2020\/10\/ubicacion-calle-ne-callejero.jpg 750w, https:\/\/www.turismocaravaca.com\/blog\/wp-content\/uploads\/2020\/10\/ubicacion-calle-ne-callejero-300x159.jpg 300w\" sizes=\"(max-width: 750px) 100vw, 750px\" \/><\/figure><\/li><\/ul><\/figure>\n\n\n\n<div class=\"wp-block-image\"><figure class=\"aligncenter size-large\"><img loading=\"lazy\" decoding=\"async\" width=\"698\" height=\"383\" src=\"https:\/\/www.turismocaravaca.com\/blog\/wp-content\/uploads\/2020\/10\/ubicacion-calle-ne-callejero-2-1.jpg\" alt=\"\" class=\"wp-image-8691\" srcset=\"https:\/\/www.turismocaravaca.com\/blog\/wp-content\/uploads\/2020\/10\/ubicacion-calle-ne-callejero-2-1.jpg 698w, https:\/\/www.turismocaravaca.com\/blog\/wp-content\/uploads\/2020\/10\/ubicacion-calle-ne-callejero-2-1-300x165.jpg 300w\" sizes=\"(max-width: 698px) 100vw, 698px\" \/><\/figure><\/div>\n\n\n\n<figure class=\"wp-block-gallery aligncenter columns-2 is-cropped wp-block-gallery-2 is-layout-flex wp-block-gallery-is-layout-flex\"><ul class=\"blocks-gallery-grid\"><li class=\"blocks-gallery-item\"><figure><img loading=\"lazy\" decoding=\"async\" width=\"905\" height=\"806\" src=\"https:\/\/www.turismocaravaca.com\/blog\/wp-content\/uploads\/2020\/10\/calle-Caravaca-4.jpg\" alt=\"\" data-id=\"8692\" data-full-url=\"https:\/\/www.turismocaravaca.com\/blog\/wp-content\/uploads\/2020\/10\/calle-Caravaca-4.jpg\" data-link=\"https:\/\/www.turismocaravaca.com\/blog\/?attachment_id=8692\" class=\"wp-image-8692\" srcset=\"https:\/\/www.turismocaravaca.com\/blog\/wp-content\/uploads\/2020\/10\/calle-Caravaca-4.jpg 905w, https:\/\/www.turismocaravaca.com\/blog\/wp-content\/uploads\/2020\/10\/calle-Caravaca-4-300x267.jpg 300w, https:\/\/www.turismocaravaca.com\/blog\/wp-content\/uploads\/2020\/10\/calle-Caravaca-4-768x684.jpg 768w\" sizes=\"(max-width: 905px) 100vw, 905px\" \/><\/figure><\/li><li class=\"blocks-gallery-item\"><figure><img loading=\"lazy\" decoding=\"async\" width=\"899\" height=\"811\" src=\"https:\/\/www.turismocaravaca.com\/blog\/wp-content\/uploads\/2020\/10\/calle-Caravaca-5.jpg\" alt=\"\" data-id=\"8693\" data-full-url=\"https:\/\/www.turismocaravaca.com\/blog\/wp-content\/uploads\/2020\/10\/calle-Caravaca-5.jpg\" data-link=\"https:\/\/www.turismocaravaca.com\/blog\/?attachment_id=8693\" class=\"wp-image-8693\" srcset=\"https:\/\/www.turismocaravaca.com\/blog\/wp-content\/uploads\/2020\/10\/calle-Caravaca-5.jpg 899w, https:\/\/www.turismocaravaca.com\/blog\/wp-content\/uploads\/2020\/10\/calle-Caravaca-5-300x271.jpg 300w, https:\/\/www.turismocaravaca.com\/blog\/wp-content\/uploads\/2020\/10\/calle-Caravaca-5-768x693.jpg 768w\" sizes=\"(max-width: 899px) 100vw, 899px\" \/><\/figure><\/li><\/ul><\/figure>\n\n\n\n<div class=\"wp-block-image\"><figure class=\"aligncenter size-large\"><img loading=\"lazy\" decoding=\"async\" width=\"1024\" height=\"478\" src=\"https:\/\/www.turismocaravaca.com\/blog\/wp-content\/uploads\/2020\/10\/calle-Caravaca-intersecci\u00f3n-con-calle-Lavapi\u00e9s-1024x478.jpg\" alt=\"\" class=\"wp-image-8694\" srcset=\"https:\/\/www.turismocaravaca.com\/blog\/wp-content\/uploads\/2020\/10\/calle-Caravaca-intersecci\u00f3n-con-calle-Lavapi\u00e9s-1024x478.jpg 1024w, https:\/\/www.turismocaravaca.com\/blog\/wp-content\/uploads\/2020\/10\/calle-Caravaca-intersecci\u00f3n-con-calle-Lavapi\u00e9s-300x140.jpg 300w, https:\/\/www.turismocaravaca.com\/blog\/wp-content\/uploads\/2020\/10\/calle-Caravaca-intersecci\u00f3n-con-calle-Lavapi\u00e9s-768x359.jpg 768w, https:\/\/www.turismocaravaca.com\/blog\/wp-content\/uploads\/2020\/10\/calle-Caravaca-intersecci\u00f3n-con-calle-Lavapi\u00e9s.jpg 1276w\" sizes=\"(max-width: 1024px) 100vw, 1024px\" \/><figcaption>Calle Caravaca intersecci\u00f3n con calle Lavapi\u00e9s<br><\/figcaption><\/figure><\/div>\n\n\n\n<p>Tard\u00f3 en formarse esta calle, que no aparece en el plano de Texeira y de la que empieza a tenerse noticia ya entrado el siglo XVIII, pero con el nombre de Cruz de Caravaca.<\/p>\n\n\n\n<p>Se debe el nombre a la presencia de una cruz de brazos dobles o cruz de Caravaca en la zona, perteneciente a una capillita vecina a la gran finca que el cardenal Zapata posey\u00f3 all\u00ed. Hab\u00eda gran veneraci\u00f3n por la cruz; muchas damas se hac\u00edan llevar ante ella para adorarla. Se convirti\u00f3 adem\u00e1s en el centro de las c\u00e9lebres fiestas de la Cruz de Mayo.<\/p>\n\n\n\n<p>Dicha capilla con su cruz de Caravaca, debido a un lamentable incendio en un campo vecino, result\u00f3 destruida.&nbsp; Tiempo despu\u00e9s, cuando se abri\u00f3 la calle, en recuerdo de aquel humilladero, se la &nbsp;denomin\u00f3 \u201cde la Cruz de Caravaca\u201d, aunque en nuestros d\u00edas, y ya desde mediados del siglo XIX, s\u00f3lo aparece el nombre de \u201cCaravaca\u201d en su placa.<\/p>\n\n\n\n<figure class=\"wp-block-gallery columns-1 is-cropped wp-block-gallery-3 is-layout-flex wp-block-gallery-is-layout-flex\"><ul class=\"blocks-gallery-grid\"><li class=\"blocks-gallery-item\"><figure><img loading=\"lazy\" decoding=\"async\" width=\"1024\" height=\"1024\" src=\"https:\/\/www.turismocaravaca.com\/blog\/wp-content\/uploads\/2020\/10\/DSCN1430b-1024x1024.jpg\" alt=\"\" data-id=\"8695\" data-full-url=\"https:\/\/www.turismocaravaca.com\/blog\/wp-content\/uploads\/2020\/10\/DSCN1430b.jpg\" data-link=\"https:\/\/www.turismocaravaca.com\/blog\/?attachment_id=8695\" class=\"wp-image-8695\" srcset=\"https:\/\/www.turismocaravaca.com\/blog\/wp-content\/uploads\/2020\/10\/DSCN1430b-1024x1024.jpg 1024w, https:\/\/www.turismocaravaca.com\/blog\/wp-content\/uploads\/2020\/10\/DSCN1430b-300x300.jpg 300w, https:\/\/www.turismocaravaca.com\/blog\/wp-content\/uploads\/2020\/10\/DSCN1430b-150x150.jpg 150w, https:\/\/www.turismocaravaca.com\/blog\/wp-content\/uploads\/2020\/10\/DSCN1430b-768x768.jpg 768w, https:\/\/www.turismocaravaca.com\/blog\/wp-content\/uploads\/2020\/10\/DSCN1430b.jpg 1063w\" sizes=\"(max-width: 1024px) 100vw, 1024px\" \/><\/figure><\/li><\/ul><\/figure>\n\n\n\n<p>Fuentes:<\/p>\n\n\n\n<p><a href=\"http:\/\/callesdemadrid.blogspot.com\">http:\/\/callesdemadrid.blogspot.com<\/a><\/p>\n\n\n\n<p><a href=\"http:\/\/fotopaseopormadridcalles.blogspot.com\/2017\/01\/\">http:\/\/fotopaseopormadridcalles.blogspot.com\/2017\/01\/<\/a><\/p>\n\n\n\n<p><a href=\"https:\/\/madrid.callejero.net\">https:\/\/madrid.callejero.net<\/a><\/p>\n\n\n\n<p><a href=\"https:\/\/www.google.es\/maps\/place\/Calle+de+Caravaca,+28012+Madrid\/@40.4090363,-3.7047538,801m\/data=!3m2!1e3!4b1!4m5!3m4!1s0xd42262b4a6c4109:0x74defaedb21de5e4!8m2!3d40.4090363!4d-3.7025651?hl=es\">https:\/\/www.google.es\/maps\/<\/a><\/p>\n\n\n\n<p><\/p>\n","protected":false},"excerpt":{"rendered":"<p>La preesencia del nombre de Caravaca en la ciudad de Madrid, capital de Espa\u00f1a.<\/p>\n","protected":false},"author":2,"featured_media":8695,"comment_status":"open","ping_status":"open","sticky":false,"template":"","format":"standard","meta":{"footnotes":""},"categories":[2126,14,1],"tags":[2626,2625,2624],"class_list":["post-8688","post","type-post","status-publish","format-standard","has-post-thumbnail","hentry","category-espanol","category-eventos","category-sin-categoria","tag-caravaca-t-el-callejero-de-madrid","tag-caravaca-y-madrid","tag-la-calle-caravaca-en-la-ciudad-de-madrid"],"_links":{"self":[{"href":"https:\/\/www.turismocaravaca.com\/blog\/wp-json\/wp\/v2\/posts\/8688"}],"collection":[{"href":"https:\/\/www.turismocaravaca.com\/blog\/wp-json\/wp\/v2\/posts"}],"about":[{"href":"https:\/\/www.turismocaravaca.com\/blog\/wp-json\/wp\/v2\/types\/post"}],"author":[{"embeddable":true,"href":"https:\/\/www.turismocaravaca.com\/blog\/wp-json\/wp\/v2\/users\/2"}],"replies":[{"embeddable":true,"href":"https:\/\/www.turismocaravaca.com\/blog\/wp-json\/wp\/v2\/comments?post=8688"}],"version-history":[{"count":5,"href":"https:\/\/www.turismocaravaca.com\/blog\/wp-json\/wp\/v2\/posts\/8688\/revisions"}],"predecessor-version":[{"id":8700,"href":"https:\/\/www.turismocaravaca.com\/blog\/wp-json\/wp\/v2\/posts\/8688\/revisions\/8700"}],"wp:featuredmedia":[{"embeddable":true,"href":"https:\/\/www.turismocaravaca.com\/blog\/wp-json\/wp\/v2\/media\/8695"}],"wp:attachment":[{"href":"https:\/\/www.turismocaravaca.com\/blog\/wp-json\/wp\/v2\/media?parent=8688"}],"wp:term":[{"taxonomy":"category","embeddable":true,"href":"https:\/\/www.turismocaravaca.com\/blog\/wp-json\/wp\/v2\/categories?post=8688"},{"taxonomy":"post_tag","embeddable":true,"href":"https:\/\/www.turismocaravaca.com\/blog\/wp-json\/wp\/v2\/tags?post=8688"}],"curies":[{"name":"wp","href":"https:\/\/api.w.org\/{rel}","templated":true}]}}