{"id":8771,"date":"2021-07-05T19:03:52","date_gmt":"2021-07-05T17:03:52","guid":{"rendered":"http:\/\/www.turismocaravaca.com\/blog\/?p=8771"},"modified":"2021-08-24T19:27:11","modified_gmt":"2021-08-24T17:27:11","slug":"horarios-basilica-proximas-semanas","status":"publish","type":"post","link":"https:\/\/www.turismocaravaca.com\/blog\/horarios-basilica-proximas-semanas\/","title":{"rendered":"\u00a1Cierre por obras! Horarios Bas\u00edlica pr\u00f3ximas semanas"},"content":{"rendered":"\n<div class=\"wp-block-image\"><figure class=\"aligncenter size-large\"><img loading=\"lazy\" decoding=\"async\" width=\"1024\" height=\"531\" src=\"https:\/\/www.turismocaravaca.com\/blog\/wp-content\/uploads\/2021\/03\/Pag.-1-Foto-A\u00e9rea.-Bas\u00edlica-Santuario-de-la-Vera-Cruz.-1024x531.jpg\" alt=\"\" class=\"wp-image-8762\" srcset=\"https:\/\/www.turismocaravaca.com\/blog\/wp-content\/uploads\/2021\/03\/Pag.-1-Foto-A\u00e9rea.-Bas\u00edlica-Santuario-de-la-Vera-Cruz.-1024x531.jpg 1024w, https:\/\/www.turismocaravaca.com\/blog\/wp-content\/uploads\/2021\/03\/Pag.-1-Foto-A\u00e9rea.-Bas\u00edlica-Santuario-de-la-Vera-Cruz.-300x156.jpg 300w, https:\/\/www.turismocaravaca.com\/blog\/wp-content\/uploads\/2021\/03\/Pag.-1-Foto-A\u00e9rea.-Bas\u00edlica-Santuario-de-la-Vera-Cruz.-768x398.jpg 768w, https:\/\/www.turismocaravaca.com\/blog\/wp-content\/uploads\/2021\/03\/Pag.-1-Foto-A\u00e9rea.-Bas\u00edlica-Santuario-de-la-Vera-Cruz.-1536x797.jpg 1536w, https:\/\/www.turismocaravaca.com\/blog\/wp-content\/uploads\/2021\/03\/Pag.-1-Foto-A\u00e9rea.-Bas\u00edlica-Santuario-de-la-Vera-Cruz.-2048x1063.jpg 2048w\" sizes=\"(max-width: 1024px) 100vw, 1024px\" \/><\/figure><\/div>\n\n\n\n<p>Durante las pr\u00f3ximas semanas el <strong>Recinto del Castillo y Bas\u00edlica de la Stma. y Vera Cruz de Caravaca <\/strong>permanecer\u00e1n <strong>cerrados <\/strong>de lunes a viernes por<strong> <\/strong>motivo de las obras de rehabilitaci\u00f3n de la fachada que se est\u00e1n llevando a cabo.<\/p>\n\n\n\n<p>Sin embargo la misa matinal de las 8:30 se celebrar\u00e1 todos los d\u00edas y a su t\u00e9rmino se cerrar\u00e1 la entrada a todo el que no sea personal de la obra.<\/p>\n\n\n\n<p>Los<strong> fines de semana<\/strong> se abrir\u00e1n recinto, Santuario y museo con normalidad.<\/p>\n\n\n\n<p>Lamentamos los inconvenientes que se puedan causar a los visitantes. Esperamos compensarlos con una presencia a\u00fan m\u00e1s espectacular de el &#8216;Hogar&#8217; de Ntra. Stma y Vera Cruz cuando concluyan los trabajos.<\/p>\n","protected":false},"excerpt":{"rendered":"<p>Durante las pr\u00f3ximas semanas el Recinto del Castillo y Bas\u00edlica de la Stma. y Vera Cruz de Caravaca permanecer\u00e1n cerrados de lunes a viernes por motivo de las obras de rehabilitaci\u00f3n de la fachada que se est\u00e1n llevando a cabo. Sin embargo la misa matinal de las 8:30 se celebrar\u00e1 todos los d\u00edas y a [&hellip;]<\/p>\n","protected":false},"author":2,"featured_media":0,"comment_status":"open","ping_status":"open","sticky":false,"template":"","format":"standard","meta":{"footnotes":""},"categories":[8,2117,21,22,1],"tags":[],"class_list":["post-8771","post","type-post","status-publish","format-standard","hentry","category-castillos","category-cruz-de-caravaca","category-iglesias","category-lugares-de-interes","category-sin-categoria"],"_links":{"self":[{"href":"https:\/\/www.turismocaravaca.com\/blog\/wp-json\/wp\/v2\/posts\/8771"}],"collection":[{"href":"https:\/\/www.turismocaravaca.com\/blog\/wp-json\/wp\/v2\/posts"}],"about":[{"href":"https:\/\/www.turismocaravaca.com\/blog\/wp-json\/wp\/v2\/types\/post"}],"author":[{"embeddable":true,"href":"https:\/\/www.turismocaravaca.com\/blog\/wp-json\/wp\/v2\/users\/2"}],"replies":[{"embeddable":true,"href":"https:\/\/www.turismocaravaca.com\/blog\/wp-json\/wp\/v2\/comments?post=8771"}],"version-history":[{"count":2,"href":"https:\/\/www.turismocaravaca.com\/blog\/wp-json\/wp\/v2\/posts\/8771\/revisions"}],"predecessor-version":[{"id":8773,"href":"https:\/\/www.turismocaravaca.com\/blog\/wp-json\/wp\/v2\/posts\/8771\/revisions\/8773"}],"wp:attachment":[{"href":"https:\/\/www.turismocaravaca.com\/blog\/wp-json\/wp\/v2\/media?parent=8771"}],"wp:term":[{"taxonomy":"category","embeddable":true,"href":"https:\/\/www.turismocaravaca.com\/blog\/wp-json\/wp\/v2\/categories?post=8771"},{"taxonomy":"post_tag","embeddable":true,"href":"https:\/\/www.turismocaravaca.com\/blog\/wp-json\/wp\/v2\/tags?post=8771"}],"curies":[{"name":"wp","href":"https:\/\/api.w.org\/{rel}","templated":true}]}}