{"id":8775,"date":"2023-06-23T12:25:33","date_gmt":"2023-06-23T10:25:33","guid":{"rendered":"https:\/\/www.turismocaravaca.com\/blog\/?p=8775"},"modified":"2023-12-27T13:39:03","modified_gmt":"2023-12-27T12:39:03","slug":"embelleciendo-la-ciudad-de-la-cruz","status":"publish","type":"post","link":"https:\/\/www.turismocaravaca.com\/blog\/embelleciendo-la-ciudad-de-la-cruz\/","title":{"rendered":"Embelleciendo la ciudad de la Cruz"},"content":{"rendered":"\n<p class=\"has-text-align-left\">Caravaca de la Cruz se suma a la moda del <em>street art<\/em> con un nuevo recurso tur\u00edstico, un mural de gran formato situado en el barranco de San Jer\u00f3nimo. El Ayuntamiento contin\u00faa desarrollando su objetivo de dignificar espacios y rincones de la ciudad a trav\u00e9s de dicho arte urbano. Se trata de una iniciativa incluida en el Plan de Sostenibilidad Tur\u00edstica \u201cCamino a Caravaca 2024\u201d, integrado por una veintena de actuaciones con los que el municipio se prepara para el pr\u00f3ximo a\u00f1o jubilar.<\/p>\n\n\n<div class=\"wp-block-image\">\n<figure class=\"aligncenter\"><img loading=\"lazy\" decoding=\"async\" width=\"1024\" height=\"768\" src=\"https:\/\/www.turismocaravaca.com\/blog\/wp-content\/uploads\/2023\/06\/image00006b-1024x768.jpg\" alt=\"\" class=\"wp-image-8776\" srcset=\"https:\/\/www.turismocaravaca.com\/blog\/wp-content\/uploads\/2023\/06\/image00006b-1024x768.jpg 1024w, https:\/\/www.turismocaravaca.com\/blog\/wp-content\/uploads\/2023\/06\/image00006b-300x225.jpg 300w, https:\/\/www.turismocaravaca.com\/blog\/wp-content\/uploads\/2023\/06\/image00006b-768x576.jpg 768w, https:\/\/www.turismocaravaca.com\/blog\/wp-content\/uploads\/2023\/06\/image00006b-1536x1152.jpg 1536w, https:\/\/www.turismocaravaca.com\/blog\/wp-content\/uploads\/2023\/06\/image00006b-2048x1536.jpg 2048w\" sizes=\"(max-width: 1024px) 100vw, 1024px\" \/><\/figure><\/div>\n\n\n<p>El autor de esta obra es el lucense Diego Anido Seijas, conocido art\u00edsticamente como Diego As. Es actualmente uno de los artistas urbanos con mayor proyecci\u00f3n internacional. Su especialidad es el realismo de sus obras y gracias a ello la plataforma Street Art Cities le otorg\u00f3 en 2021 el premio \u201cMejor Grafiti del Mundo\u201d por la obra dedicada a Julio C\u00e9sar en la ciudad de Lugo, hecho que implic\u00f3 el punto de inflexi\u00f3n en su carrera. A partir de ah\u00ed ha realizado destacadas intervenciones en ciudades como Oviedo, M\u00e1laga, Madrid, Barcelona o Granada.<\/p>\n\n\n\n<figure class=\"wp-block-gallery has-nested-images columns-default is-cropped wp-block-gallery-1 is-layout-flex wp-block-gallery-is-layout-flex\">\n<figure class=\"wp-block-image size-large\"><a href=\"https:\/\/www.turismocaravaca.com\/blog\/wp-content\/uploads\/2023\/06\/Diego-As-foto-El-Progreso-Lugo-1.jpg\"><img loading=\"lazy\" decoding=\"async\" width=\"1024\" height=\"576\" data-id=\"8778\" src=\"https:\/\/www.turismocaravaca.com\/blog\/wp-content\/uploads\/2023\/06\/Diego-As-foto-El-Progreso-Lugo-1-1024x576.jpg\" alt=\"\" class=\"wp-image-8778\" srcset=\"https:\/\/www.turismocaravaca.com\/blog\/wp-content\/uploads\/2023\/06\/Diego-As-foto-El-Progreso-Lugo-1-1024x576.jpg 1024w, https:\/\/www.turismocaravaca.com\/blog\/wp-content\/uploads\/2023\/06\/Diego-As-foto-El-Progreso-Lugo-1-300x169.jpg 300w, https:\/\/www.turismocaravaca.com\/blog\/wp-content\/uploads\/2023\/06\/Diego-As-foto-El-Progreso-Lugo-1-768x432.jpg 768w, https:\/\/www.turismocaravaca.com\/blog\/wp-content\/uploads\/2023\/06\/Diego-As-foto-El-Progreso-Lugo-1.jpg 1400w\" sizes=\"(max-width: 1024px) 100vw, 1024px\" \/><\/a><\/figure>\n\n\n\n<figure class=\"wp-block-image size-large\"><a href=\"https:\/\/www.turismocaravaca.com\/blog\/wp-content\/uploads\/2023\/06\/NIUS-Julio-Cesar-de-Diego-As-en-Lugo-junto-a-las-murallas-romanas17-01-2022.jpg\"><img loading=\"lazy\" decoding=\"async\" width=\"874\" height=\"489\" data-id=\"8779\" src=\"https:\/\/www.turismocaravaca.com\/blog\/wp-content\/uploads\/2023\/06\/NIUS-Julio-Cesar-de-Diego-As-en-Lugo-junto-a-las-murallas-romanas17-01-2022.jpg\" alt=\"\" class=\"wp-image-8779\" srcset=\"https:\/\/www.turismocaravaca.com\/blog\/wp-content\/uploads\/2023\/06\/NIUS-Julio-Cesar-de-Diego-As-en-Lugo-junto-a-las-murallas-romanas17-01-2022.jpg 874w, https:\/\/www.turismocaravaca.com\/blog\/wp-content\/uploads\/2023\/06\/NIUS-Julio-Cesar-de-Diego-As-en-Lugo-junto-a-las-murallas-romanas17-01-2022-300x168.jpg 300w, https:\/\/www.turismocaravaca.com\/blog\/wp-content\/uploads\/2023\/06\/NIUS-Julio-Cesar-de-Diego-As-en-Lugo-junto-a-las-murallas-romanas17-01-2022-768x430.jpg 768w\" sizes=\"(max-width: 874px) 100vw, 874px\" \/><\/a><\/figure>\n<\/figure>\n\n\n\n<p>Diego As ha se\u00f1alado que la intenci\u00f3n de dicha obra es \u201csalir de lo convencional para sorprender al caminante\u201d, ya que se trata de un gran mural que pretende dar la bienvenida a los peregrinos que accedan a la ciudad a pie o en bicicleta por el Barranco de San Jer\u00f3nimo, donde confluyen los caminos de peregrinaci\u00f3n de la Cruz. Adem\u00e1s, el lugar escogido est\u00e1 muy pr\u00f3ximo al futuro Centro de Recepci\u00f3n de Visitantes.<\/p>\n\n\n\n<figure class=\"wp-block-image size-full is-resized\"><a href=\"https:\/\/www.turismocaravaca.com\/blog\/wp-content\/uploads\/2023\/06\/177805054-624x452-3.jpg\"><img loading=\"lazy\" decoding=\"async\" src=\"https:\/\/www.turismocaravaca.com\/blog\/wp-content\/uploads\/2023\/06\/177805054-624x452-3.jpg\" alt=\"\" class=\"wp-image-8785\" width=\"1140\" height=\"826\" srcset=\"https:\/\/www.turismocaravaca.com\/blog\/wp-content\/uploads\/2023\/06\/177805054-624x452-3.jpg 624w, https:\/\/www.turismocaravaca.com\/blog\/wp-content\/uploads\/2023\/06\/177805054-624x452-3-300x217.jpg 300w\" sizes=\"(max-width: 1140px) 100vw, 1140px\" \/><\/a><figcaption class=\"wp-element-caption\"><em>Autor explicando su obra<\/em><\/figcaption><\/figure>\n\n\n\n<p>La obra, realizada con pintura pl\u00e1stica y espray, hace alusi\u00f3n a <strong>la leyenda de la Aparici\u00f3n de la Vera Cruz<\/strong>, representa y tiene como protagonista a un \u00e1ngel querub\u00edn protegiendo el camino hacia la Bas\u00edlica de la Cruz de Caravaca, adornado con un fondo de nubes celestiales donde se aprecia un segundo querub\u00edn acompa\u00f1ando a la Vera Cruz.<\/p>\n\n\n\n<figure class=\"wp-block-gallery has-nested-images columns-default is-cropped wp-block-gallery-2 is-layout-flex wp-block-gallery-is-layout-flex\">\n<figure class=\"wp-block-image size-large\"><a href=\"https:\/\/www.turismocaravaca.com\/blog\/wp-content\/uploads\/2023\/06\/recortada.jpg\"><img loading=\"lazy\" decoding=\"async\" width=\"972\" height=\"1024\" data-id=\"8783\" src=\"https:\/\/www.turismocaravaca.com\/blog\/wp-content\/uploads\/2023\/06\/recortada-972x1024.jpg\" alt=\"\" class=\"wp-image-8783\" srcset=\"https:\/\/www.turismocaravaca.com\/blog\/wp-content\/uploads\/2023\/06\/recortada-972x1024.jpg 972w, https:\/\/www.turismocaravaca.com\/blog\/wp-content\/uploads\/2023\/06\/recortada-285x300.jpg 285w, https:\/\/www.turismocaravaca.com\/blog\/wp-content\/uploads\/2023\/06\/recortada-768x809.jpg 768w, https:\/\/www.turismocaravaca.com\/blog\/wp-content\/uploads\/2023\/06\/recortada-1458x1536.jpg 1458w, https:\/\/www.turismocaravaca.com\/blog\/wp-content\/uploads\/2023\/06\/recortada-1944x2048.jpg 1944w\" sizes=\"(max-width: 972px) 100vw, 972px\" \/><\/a><\/figure>\n\n\n\n<figure class=\"wp-block-image size-large\"><a href=\"https:\/\/www.turismocaravaca.com\/blog\/wp-content\/uploads\/2023\/06\/image00005-scaled.jpeg\"><img loading=\"lazy\" decoding=\"async\" width=\"817\" height=\"1024\" data-id=\"8782\" src=\"https:\/\/www.turismocaravaca.com\/blog\/wp-content\/uploads\/2023\/06\/image00005-817x1024.jpeg\" alt=\"\" class=\"wp-image-8782\" srcset=\"https:\/\/www.turismocaravaca.com\/blog\/wp-content\/uploads\/2023\/06\/image00005-817x1024.jpeg 817w, https:\/\/www.turismocaravaca.com\/blog\/wp-content\/uploads\/2023\/06\/image00005-239x300.jpeg 239w, https:\/\/www.turismocaravaca.com\/blog\/wp-content\/uploads\/2023\/06\/image00005-768x963.jpeg 768w, https:\/\/www.turismocaravaca.com\/blog\/wp-content\/uploads\/2023\/06\/image00005-1225x1536.jpeg 1225w, https:\/\/www.turismocaravaca.com\/blog\/wp-content\/uploads\/2023\/06\/image00005-1634x2048.jpeg 1634w, https:\/\/www.turismocaravaca.com\/blog\/wp-content\/uploads\/2023\/06\/image00005-scaled.jpeg 2042w\" sizes=\"(max-width: 817px) 100vw, 817px\" \/><\/a><\/figure>\n<\/figure>\n\n\n\n<p>Fuentes:<\/p>\n\n\n\n<p><a href=\"https:\/\/diegoas.com\">https:\/\/diegoas.com<\/a><\/p>\n\n\n\n<p><a href=\"http:\/\/www.elprogreso.es\/\">www.elprogreso.<\/a><a href=\"http:\/\/www.elprogreso.es\/\" data-type=\"URL\" data-id=\"http:\/\/www.elprogreso.es\/\">es<\/a><\/p>\n\n\n\n<p><a href=\"http:\/\/www.laverdad.es\/\">www.laverdad.es<\/a><\/p>\n\n\n\n<p><a href=\"http:\/\/www.laopiniondemurcia.es\/\">www.laopiniondemurcia.es<\/a><\/p>\n","protected":false},"excerpt":{"rendered":"<p>Caravaca de la Cruz se suma a la moda del street art con un nuevo recurso tur\u00edstico, un mural de gran formato situado en el barranco de San Jer\u00f3nimo. El Ayuntamiento contin\u00faa desarrollando su objetivo de dignificar espacios y rincones de la ciudad a trav\u00e9s de dicho arte urbano. Se trata de una iniciativa incluida [&hellip;]<\/p>\n","protected":false},"author":2,"featured_media":8776,"comment_status":"open","ping_status":"open","sticky":false,"template":"","format":"standard","meta":{"footnotes":""},"categories":[2,4,7,2629,2117,2126,22,28,2377,30],"tags":[2634,2631,2630,2632],"class_list":["post-8775","post","type-post","status-publish","format-standard","has-post-thumbnail","hentry","category-ano-jubilar","category-arte","category-bienvenida","category-calles-de-caravaca","category-cruz-de-caravaca","category-espanol","category-lugares-de-interes","category-pintura-2","category-religion","category-rutas","tag-anojubilar2024","tag-bienvenida","tag-diego-as","tag-mural"],"_links":{"self":[{"href":"https:\/\/www.turismocaravaca.com\/blog\/wp-json\/wp\/v2\/posts\/8775"}],"collection":[{"href":"https:\/\/www.turismocaravaca.com\/blog\/wp-json\/wp\/v2\/posts"}],"about":[{"href":"https:\/\/www.turismocaravaca.com\/blog\/wp-json\/wp\/v2\/types\/post"}],"author":[{"embeddable":true,"href":"https:\/\/www.turismocaravaca.com\/blog\/wp-json\/wp\/v2\/users\/2"}],"replies":[{"embeddable":true,"href":"https:\/\/www.turismocaravaca.com\/blog\/wp-json\/wp\/v2\/comments?post=8775"}],"version-history":[{"count":4,"href":"https:\/\/www.turismocaravaca.com\/blog\/wp-json\/wp\/v2\/posts\/8775\/revisions"}],"predecessor-version":[{"id":8790,"href":"https:\/\/www.turismocaravaca.com\/blog\/wp-json\/wp\/v2\/posts\/8775\/revisions\/8790"}],"wp:featuredmedia":[{"embeddable":true,"href":"https:\/\/www.turismocaravaca.com\/blog\/wp-json\/wp\/v2\/media\/8776"}],"wp:attachment":[{"href":"https:\/\/www.turismocaravaca.com\/blog\/wp-json\/wp\/v2\/media?parent=8775"}],"wp:term":[{"taxonomy":"category","embeddable":true,"href":"https:\/\/www.turismocaravaca.com\/blog\/wp-json\/wp\/v2\/categories?post=8775"},{"taxonomy":"post_tag","embeddable":true,"href":"https:\/\/www.turismocaravaca.com\/blog\/wp-json\/wp\/v2\/tags?post=8775"}],"curies":[{"name":"wp","href":"https:\/\/api.w.org\/{rel}","templated":true}]}}